{"id":14186,"date":"2026-09-02T13:00:29","date_gmt":"2026-09-02T11:00:29","guid":{"rendered":"https:\/\/www.idhc.org\/?p=14186"},"modified":"2026-09-02T13:17:38","modified_gmt":"2026-09-02T11:17:38","slug":"el-idhc-continua-su-trabajo-por-la-igualdad-y-la-no-discriminacion-en-distintos-ambitos","status":"publish","type":"post","link":"https:\/\/www.idhc.org\/es\/noticias\/el-idhc-continua-su-trabajo-por-la-igualdad-y-la-no-discriminacion-en-distintos-ambitos\/","title":{"rendered":"El IDHC contin\u00faa su trabajo por la igualdad y la no discriminaci\u00f3n en distintos \u00e1mbitos."},"content":{"rendered":"","protected":false},"excerpt":{"rendered":"","protected":false},"author":2,"featured_media":14182,"comment_status":"open","ping_status":"open","sticky":false,"template":"","format":"standard","meta":{"_acf_changed":false,"footnotes":""},"categories":[2],"tags":[576,652,695,805,818],"class_list":["post-14186","post","type-post","status-publish","format-standard","has-post-thumbnail","hentry","category-sin-categorizar","tag-derecho-a-la-igualdad","tag-interseccionalidad","tag-dret-a-la-igualtat-es","tag-no-discriminacion","tag-iguldad"],"acf":[],"yoast_head":"<!-- This site is optimized with the Yoast SEO plugin v28.1 - https:\/\/yoast.com\/product\/yoast-seo-wordpress\/ -->\n<title>El IDHC contin\u00faa su trabajo por la igualdad y la no discriminaci\u00f3n en distintos \u00e1mbitos. - IDHC<\/title>\n<meta name=\"description\" content=\"Participando en foros especializados, brindando asesor\u00eda o dando formaciones\" \/>\n<meta name=\"robots\" content=\"index, follow, max-snippet:-1, max-image-preview:large, max-video-preview:-1\" \/>\n<link rel=\"canonical\" href=\"https:\/\/www.idhc.org\/es\/noticias\/el-idhc-continua-su-trabajo-por-la-igualdad-y-la-no-discriminacion-en-distintos-ambitos\/\" \/>\n<meta property=\"og:locale\" content=\"es_ES\" \/>\n<meta property=\"og:type\" content=\"article\" \/>\n<meta property=\"og:title\" content=\"El IDHC contin\u00faa su trabajo por la igualdad y la no discriminaci\u00f3n en distintos \u00e1mbitos. - IDHC\" \/>\n<meta property=\"og:description\" content=\"Participando en foros especializados, brindando asesor\u00eda o dando formaciones\" \/>\n<meta property=\"og:url\" content=\"https:\/\/www.idhc.org\/es\/noticias\/el-idhc-continua-su-trabajo-por-la-igualdad-y-la-no-discriminacion-en-distintos-ambitos\/\" \/>\n<meta property=\"og:site_name\" content=\"IDHC\" \/>\n<meta property=\"article:publisher\" content=\"https:\/\/www.facebook.com\/institut.drets.humans.catalunya\" \/>\n<meta property=\"article:published_time\" content=\"2026-09-02T11:00:29+00:00\" \/>\n<meta property=\"article:modified_time\" content=\"2026-09-02T11:17:38+00:00\" \/>\n<meta property=\"og:image\" content=\"https:\/\/www.idhc.org\/wp-content\/uploads\/ITND.jpg\" \/>\n\t<meta property=\"og:image:width\" content=\"2048\" \/>\n\t<meta property=\"og:image:height\" content=\"2048\" \/>\n\t<meta property=\"og:image:type\" content=\"image\/jpeg\" \/>\n<meta name=\"author\" content=\"\u00c1gueda Mera\" \/>\n<meta name=\"twitter:card\" content=\"summary_large_image\" \/>\n<meta name=\"twitter:creator\" content=\"@institut_IDHC\" \/>\n<meta name=\"twitter:site\" content=\"@institut_IDHC\" \/>\n<meta name=\"twitter:label1\" content=\"Escrito por\" \/>\n\t<meta name=\"twitter:data1\" content=\"\u00c1gueda Mera\" \/>\n\t<meta name=\"twitter:label2\" content=\"Tiempo de lectura\" \/>\n\t<meta name=\"twitter:data2\" content=\"1 minuto\" \/>\n<script type=\"application\/ld+json\" class=\"yoast-schema-graph\">{\"@context\":\"https:\\\/\\\/schema.org\",\"@graph\":[{\"@type\":\"Article\",\"@id\":\"https:\\\/\\\/www.idhc.org\\\/es\\\/noticias\\\/el-idhc-continua-su-trabajo-por-la-igualdad-y-la-no-discriminacion-en-distintos-ambitos\\\/#article\",\"isPartOf\":{\"@id\":\"https:\\\/\\\/www.idhc.org\\\/es\\\/noticias\\\/el-idhc-continua-su-trabajo-por-la-igualdad-y-la-no-discriminacion-en-distintos-ambitos\\\/\"},\"author\":{\"name\":\"\u00c1gueda Mera\",\"@id\":\"https:\\\/\\\/www.idhc.org\\\/es\\\/#\\\/schema\\\/person\\\/e2c8249979bcf2d7508ef479a18e9620\"},\"headline\":\"El IDHC contin\u00faa su trabajo por la igualdad y la no discriminaci\u00f3n en distintos \u00e1mbitos.\",\"datePublished\":\"2026-09-02T11:00:29+00:00\",\"dateModified\":\"2026-09-02T11:17:38+00:00\",\"mainEntityOfPage\":{\"@id\":\"https:\\\/\\\/www.idhc.org\\\/es\\\/noticias\\\/el-idhc-continua-su-trabajo-por-la-igualdad-y-la-no-discriminacion-en-distintos-ambitos\\\/\"},\"wordCount\":17,\"commentCount\":0,\"image\":{\"@id\":\"https:\\\/\\\/www.idhc.org\\\/es\\\/noticias\\\/el-idhc-continua-su-trabajo-por-la-igualdad-y-la-no-discriminacion-en-distintos-ambitos\\\/#primaryimage\"},\"thumbnailUrl\":\"https:\\\/\\\/www.idhc.org\\\/wp-content\\\/uploads\\\/ITND.jpg\",\"keywords\":[\"Derecho a la igualdad\",\"Interseccionalidad\",\"Dret a la igualtat\",\"No discriminaci\u00f3n\",\"iguldad\"],\"articleSection\":[\"Sin categorizar\"],\"inLanguage\":\"es\",\"potentialAction\":[{\"@type\":\"CommentAction\",\"name\":\"Comment\",\"target\":[\"https:\\\/\\\/www.idhc.org\\\/es\\\/noticias\\\/el-idhc-continua-su-trabajo-por-la-igualdad-y-la-no-discriminacion-en-distintos-ambitos\\\/#respond\"]}]},{\"@type\":\"WebPage\",\"@id\":\"https:\\\/\\\/www.idhc.org\\\/es\\\/noticias\\\/el-idhc-continua-su-trabajo-por-la-igualdad-y-la-no-discriminacion-en-distintos-ambitos\\\/\",\"url\":\"https:\\\/\\\/www.idhc.org\\\/es\\\/noticias\\\/el-idhc-continua-su-trabajo-por-la-igualdad-y-la-no-discriminacion-en-distintos-ambitos\\\/\",\"name\":\"El IDHC contin\u00faa su trabajo por la igualdad y la no discriminaci\u00f3n en distintos \u00e1mbitos. - IDHC\",\"isPartOf\":{\"@id\":\"https:\\\/\\\/www.idhc.org\\\/es\\\/#website\"},\"primaryImageOfPage\":{\"@id\":\"https:\\\/\\\/www.idhc.org\\\/es\\\/noticias\\\/el-idhc-continua-su-trabajo-por-la-igualdad-y-la-no-discriminacion-en-distintos-ambitos\\\/#primaryimage\"},\"image\":{\"@id\":\"https:\\\/\\\/www.idhc.org\\\/es\\\/noticias\\\/el-idhc-continua-su-trabajo-por-la-igualdad-y-la-no-discriminacion-en-distintos-ambitos\\\/#primaryimage\"},\"thumbnailUrl\":\"https:\\\/\\\/www.idhc.org\\\/wp-content\\\/uploads\\\/ITND.jpg\",\"datePublished\":\"2026-09-02T11:00:29+00:00\",\"dateModified\":\"2026-09-02T11:17:38+00:00\",\"author\":{\"@id\":\"https:\\\/\\\/www.idhc.org\\\/es\\\/#\\\/schema\\\/person\\\/e2c8249979bcf2d7508ef479a18e9620\"},\"description\":\"Participando en foros especializados, brindando asesor\u00eda o dando formaciones\",\"breadcrumb\":{\"@id\":\"https:\\\/\\\/www.idhc.org\\\/es\\\/noticias\\\/el-idhc-continua-su-trabajo-por-la-igualdad-y-la-no-discriminacion-en-distintos-ambitos\\\/#breadcrumb\"},\"inLanguage\":\"es\",\"potentialAction\":[{\"@type\":\"ReadAction\",\"target\":[\"https:\\\/\\\/www.idhc.org\\\/es\\\/noticias\\\/el-idhc-continua-su-trabajo-por-la-igualdad-y-la-no-discriminacion-en-distintos-ambitos\\\/\"]}]},{\"@type\":\"ImageObject\",\"inLanguage\":\"es\",\"@id\":\"https:\\\/\\\/www.idhc.org\\\/es\\\/noticias\\\/el-idhc-continua-su-trabajo-por-la-igualdad-y-la-no-discriminacion-en-distintos-ambitos\\\/#primaryimage\",\"url\":\"https:\\\/\\\/www.idhc.org\\\/wp-content\\\/uploads\\\/ITND.jpg\",\"contentUrl\":\"https:\\\/\\\/www.idhc.org\\\/wp-content\\\/uploads\\\/ITND.jpg\",\"width\":2048,\"height\":2048},{\"@type\":\"BreadcrumbList\",\"@id\":\"https:\\\/\\\/www.idhc.org\\\/es\\\/noticias\\\/el-idhc-continua-su-trabajo-por-la-igualdad-y-la-no-discriminacion-en-distintos-ambitos\\\/#breadcrumb\",\"itemListElement\":[{\"@type\":\"ListItem\",\"position\":1,\"name\":\"Inici\",\"item\":\"https:\\\/\\\/www.idhc.org\\\/es\\\/\"},{\"@type\":\"ListItem\",\"position\":2,\"name\":\"El IDHC contin\u00faa su trabajo por la igualdad y la no discriminaci\u00f3n en distintos \u00e1mbitos.\"}]},{\"@type\":\"WebSite\",\"@id\":\"https:\\\/\\\/www.idhc.org\\\/es\\\/#website\",\"url\":\"https:\\\/\\\/www.idhc.org\\\/es\\\/\",\"name\":\"Institut de Drets Humans de Catalunya\",\"description\":\"\",\"alternateName\":\"IDHC\",\"potentialAction\":[{\"@type\":\"SearchAction\",\"target\":{\"@type\":\"EntryPoint\",\"urlTemplate\":\"https:\\\/\\\/www.idhc.org\\\/es\\\/?s={search_term_string}\"},\"query-input\":{\"@type\":\"PropertyValueSpecification\",\"valueRequired\":true,\"valueName\":\"search_term_string\"}}],\"inLanguage\":\"es\"},{\"@type\":\"Person\",\"@id\":\"https:\\\/\\\/www.idhc.org\\\/es\\\/#\\\/schema\\\/person\\\/e2c8249979bcf2d7508ef479a18e9620\",\"name\":\"\u00c1gueda Mera\",\"image\":{\"@type\":\"ImageObject\",\"inLanguage\":\"es\",\"@id\":\"https:\\\/\\\/secure.gravatar.com\\\/avatar\\\/189c61184e2624d50c3988b4a57cfe639b2106bb02323feb5f0bfc1c10200413?s=96&d=mm&r=g\",\"url\":\"https:\\\/\\\/secure.gravatar.com\\\/avatar\\\/189c61184e2624d50c3988b4a57cfe639b2106bb02323feb5f0bfc1c10200413?s=96&d=mm&r=g\",\"contentUrl\":\"https:\\\/\\\/secure.gravatar.com\\\/avatar\\\/189c61184e2624d50c3988b4a57cfe639b2106bb02323feb5f0bfc1c10200413?s=96&d=mm&r=g\",\"caption\":\"\u00c1gueda Mera\"}}]}<\/script>\n<!-- \/ Yoast SEO plugin. -->","yoast_head_json":{"title":"El IDHC contin\u00faa su trabajo por la igualdad y la no discriminaci\u00f3n en distintos \u00e1mbitos. - IDHC","description":"Participando en foros especializados, brindando asesor\u00eda o dando formaciones","robots":{"index":"index","follow":"follow","max-snippet":"max-snippet:-1","max-image-preview":"max-image-preview:large","max-video-preview":"max-video-preview:-1"},"canonical":"https:\/\/www.idhc.org\/es\/noticias\/el-idhc-continua-su-trabajo-por-la-igualdad-y-la-no-discriminacion-en-distintos-ambitos\/","og_locale":"es_ES","og_type":"article","og_title":"El IDHC contin\u00faa su trabajo por la igualdad y la no discriminaci\u00f3n en distintos \u00e1mbitos. - IDHC","og_description":"Participando en foros especializados, brindando asesor\u00eda o dando formaciones","og_url":"https:\/\/www.idhc.org\/es\/noticias\/el-idhc-continua-su-trabajo-por-la-igualdad-y-la-no-discriminacion-en-distintos-ambitos\/","og_site_name":"IDHC","article_publisher":"https:\/\/www.facebook.com\/institut.drets.humans.catalunya","article_published_time":"2026-09-02T11:00:29+00:00","article_modified_time":"2026-09-02T11:17:38+00:00","og_image":[{"width":2048,"height":2048,"url":"https:\/\/www.idhc.org\/wp-content\/uploads\/ITND.jpg","type":"image\/jpeg"}],"author":"\u00c1gueda Mera","twitter_card":"summary_large_image","twitter_creator":"@institut_IDHC","twitter_site":"@institut_IDHC","twitter_misc":{"Escrito por":"\u00c1gueda Mera","Tiempo de lectura":"1 minuto"},"schema":{"@context":"https:\/\/schema.org","@graph":[{"@type":"Article","@id":"https:\/\/www.idhc.org\/es\/noticias\/el-idhc-continua-su-trabajo-por-la-igualdad-y-la-no-discriminacion-en-distintos-ambitos\/#article","isPartOf":{"@id":"https:\/\/www.idhc.org\/es\/noticias\/el-idhc-continua-su-trabajo-por-la-igualdad-y-la-no-discriminacion-en-distintos-ambitos\/"},"author":{"name":"\u00c1gueda Mera","@id":"https:\/\/www.idhc.org\/es\/#\/schema\/person\/e2c8249979bcf2d7508ef479a18e9620"},"headline":"El IDHC contin\u00faa su trabajo por la igualdad y la no discriminaci\u00f3n en distintos \u00e1mbitos.","datePublished":"2026-09-02T11:00:29+00:00","dateModified":"2026-09-02T11:17:38+00:00","mainEntityOfPage":{"@id":"https:\/\/www.idhc.org\/es\/noticias\/el-idhc-continua-su-trabajo-por-la-igualdad-y-la-no-discriminacion-en-distintos-ambitos\/"},"wordCount":17,"commentCount":0,"image":{"@id":"https:\/\/www.idhc.org\/es\/noticias\/el-idhc-continua-su-trabajo-por-la-igualdad-y-la-no-discriminacion-en-distintos-ambitos\/#primaryimage"},"thumbnailUrl":"https:\/\/www.idhc.org\/wp-content\/uploads\/ITND.jpg","keywords":["Derecho a la igualdad","Interseccionalidad","Dret a la igualtat","No discriminaci\u00f3n","iguldad"],"articleSection":["Sin categorizar"],"inLanguage":"es","potentialAction":[{"@type":"CommentAction","name":"Comment","target":["https:\/\/www.idhc.org\/es\/noticias\/el-idhc-continua-su-trabajo-por-la-igualdad-y-la-no-discriminacion-en-distintos-ambitos\/#respond"]}]},{"@type":"WebPage","@id":"https:\/\/www.idhc.org\/es\/noticias\/el-idhc-continua-su-trabajo-por-la-igualdad-y-la-no-discriminacion-en-distintos-ambitos\/","url":"https:\/\/www.idhc.org\/es\/noticias\/el-idhc-continua-su-trabajo-por-la-igualdad-y-la-no-discriminacion-en-distintos-ambitos\/","name":"El IDHC contin\u00faa su trabajo por la igualdad y la no discriminaci\u00f3n en distintos \u00e1mbitos. - IDHC","isPartOf":{"@id":"https:\/\/www.idhc.org\/es\/#website"},"primaryImageOfPage":{"@id":"https:\/\/www.idhc.org\/es\/noticias\/el-idhc-continua-su-trabajo-por-la-igualdad-y-la-no-discriminacion-en-distintos-ambitos\/#primaryimage"},"image":{"@id":"https:\/\/www.idhc.org\/es\/noticias\/el-idhc-continua-su-trabajo-por-la-igualdad-y-la-no-discriminacion-en-distintos-ambitos\/#primaryimage"},"thumbnailUrl":"https:\/\/www.idhc.org\/wp-content\/uploads\/ITND.jpg","datePublished":"2026-09-02T11:00:29+00:00","dateModified":"2026-09-02T11:17:38+00:00","author":{"@id":"https:\/\/www.idhc.org\/es\/#\/schema\/person\/e2c8249979bcf2d7508ef479a18e9620"},"description":"Participando en foros especializados, brindando asesor\u00eda o dando formaciones","breadcrumb":{"@id":"https:\/\/www.idhc.org\/es\/noticias\/el-idhc-continua-su-trabajo-por-la-igualdad-y-la-no-discriminacion-en-distintos-ambitos\/#breadcrumb"},"inLanguage":"es","potentialAction":[{"@type":"ReadAction","target":["https:\/\/www.idhc.org\/es\/noticias\/el-idhc-continua-su-trabajo-por-la-igualdad-y-la-no-discriminacion-en-distintos-ambitos\/"]}]},{"@type":"ImageObject","inLanguage":"es","@id":"https:\/\/www.idhc.org\/es\/noticias\/el-idhc-continua-su-trabajo-por-la-igualdad-y-la-no-discriminacion-en-distintos-ambitos\/#primaryimage","url":"https:\/\/www.idhc.org\/wp-content\/uploads\/ITND.jpg","contentUrl":"https:\/\/www.idhc.org\/wp-content\/uploads\/ITND.jpg","width":2048,"height":2048},{"@type":"BreadcrumbList","@id":"https:\/\/www.idhc.org\/es\/noticias\/el-idhc-continua-su-trabajo-por-la-igualdad-y-la-no-discriminacion-en-distintos-ambitos\/#breadcrumb","itemListElement":[{"@type":"ListItem","position":1,"name":"Inici","item":"https:\/\/www.idhc.org\/es\/"},{"@type":"ListItem","position":2,"name":"El IDHC contin\u00faa su trabajo por la igualdad y la no discriminaci\u00f3n en distintos \u00e1mbitos."}]},{"@type":"WebSite","@id":"https:\/\/www.idhc.org\/es\/#website","url":"https:\/\/www.idhc.org\/es\/","name":"Institut de Drets Humans de Catalunya","description":"","alternateName":"IDHC","potentialAction":[{"@type":"SearchAction","target":{"@type":"EntryPoint","urlTemplate":"https:\/\/www.idhc.org\/es\/?s={search_term_string}"},"query-input":{"@type":"PropertyValueSpecification","valueRequired":true,"valueName":"search_term_string"}}],"inLanguage":"es"},{"@type":"Person","@id":"https:\/\/www.idhc.org\/es\/#\/schema\/person\/e2c8249979bcf2d7508ef479a18e9620","name":"\u00c1gueda Mera","image":{"@type":"ImageObject","inLanguage":"es","@id":"https:\/\/secure.gravatar.com\/avatar\/189c61184e2624d50c3988b4a57cfe639b2106bb02323feb5f0bfc1c10200413?s=96&d=mm&r=g","url":"https:\/\/secure.gravatar.com\/avatar\/189c61184e2624d50c3988b4a57cfe639b2106bb02323feb5f0bfc1c10200413?s=96&d=mm&r=g","contentUrl":"https:\/\/secure.gravatar.com\/avatar\/189c61184e2624d50c3988b4a57cfe639b2106bb02323feb5f0bfc1c10200413?s=96&d=mm&r=g","caption":"\u00c1gueda Mera"}}]}},"_links":{"self":[{"href":"https:\/\/www.idhc.org\/es\/wp-json\/wp\/v2\/posts\/14186","targetHints":{"allow":["GET"]}}],"collection":[{"href":"https:\/\/www.idhc.org\/es\/wp-json\/wp\/v2\/posts"}],"about":[{"href":"https:\/\/www.idhc.org\/es\/wp-json\/wp\/v2\/types\/post"}],"author":[{"embeddable":true,"href":"https:\/\/www.idhc.org\/es\/wp-json\/wp\/v2\/users\/2"}],"replies":[{"embeddable":true,"href":"https:\/\/www.idhc.org\/es\/wp-json\/wp\/v2\/comments?post=14186"}],"version-history":[{"count":1,"href":"https:\/\/www.idhc.org\/es\/wp-json\/wp\/v2\/posts\/14186\/revisions"}],"predecessor-version":[{"id":14187,"href":"https:\/\/www.idhc.org\/es\/wp-json\/wp\/v2\/posts\/14186\/revisions\/14187"}],"wp:attachment":[{"href":"https:\/\/www.idhc.org\/es\/wp-json\/wp\/v2\/media?parent=14186"}],"wp:term":[{"taxonomy":"category","embeddable":true,"href":"https:\/\/www.idhc.org\/es\/wp-json\/wp\/v2\/categories?post=14186"},{"taxonomy":"post_tag","embeddable":true,"href":"https:\/\/www.idhc.org\/es\/wp-json\/wp\/v2\/tags?post=14186"}],"curies":[{"name":"wp","href":"https:\/\/api.w.org\/{rel}","templated":true}]}}