{"id":7710,"date":"2013-09-17T22:00:01","date_gmt":"2013-09-17T20:00:01","guid":{"rendered":"https:\/\/www.idhc.org\/2024\/05\/29\/la-situacion-de-la-tortura-en-espana-a-la-luz-de-las-sentencias-del-tribunal-europeo-de-derechos-humanos\/"},"modified":"2024-07-02T10:54:56","modified_gmt":"2024-07-02T08:54:56","slug":"la-situacion-de-la-tortura-en-espana-a-la-luz-de-las-sentencias-del-tribunal-europeo-de-derechos-humanos","status":"publish","type":"post","link":"https:\/\/www.idhc.org\/es\/noticias\/la-situacion-de-la-tortura-en-espana-a-la-luz-de-las-sentencias-del-tribunal-europeo-de-derechos-humanos\/","title":{"rendered":"La situaci\u00f3n de la tortura en Espa\u00f1a, a la luz de las sentencias del Tribunal Europeo de Derechos Humanos"},"content":{"rendered":"<p>&ldquo;La situaci&oacute;n de la tortura en Espa&ntilde;a no es una pr&aacute;ctica generalizada pero s&iacute; est&aacute; lejos de ser una pr&aacute;ctica erradicada&rdquo;, as&iacute; se recoge en el informe <em>La jurisprudencia del Tribunal Europeo de Derechos Humanos relativa a Espa&ntilde;a por torturas. Del terrorismo a la criminalizaci&oacute;n de la disidencia<\/em>.<\/p>\n<p>El &uacute;ltimo informe del Institut de Drets Humans de Catalunya concluye con esta afirmaci&oacute;n a partir del an&aacute;lisis jurisprudencial de seis sentencias del Tribunal Europeo. En las seis ocasiones el Tribunal condena a Espa&ntilde;a por la violaci&oacute;n del art&iacute;culo 3 del Convenio Europeo de Derechos Humanos que proh&iacute;be la tortura. El art&iacute;culo recoge que &ldquo;nadie podr&aacute; ser sometido a tortura ni a penas o tratos inhumanos o degradantes&rdquo; pero el alcance de esta prohibici&oacute;n va m&aacute;s all&aacute; de la literalidad de su texto. El Tribunal y la doctrina internacional entienden que la falta de investigaci&oacute;n de las denuncias de tortura es una violaci&oacute;n en s&iacute; misma y constituye tambi&eacute;n delito de tortura. En la mayor&iacute;a de sentencias se condena a Espa&ntilde;a por la falta de una investigaci&oacute;n rigurosa de los casos de tortura.<\/p>\n<p>Las conclusiones de este informe confirman las recomendaciones de organismos internacionales de protecci&oacute;n de los derechos humanos como el propio Comit&eacute; de Prevenci&oacute;n de la Tortura del Consejo de Europa o el de Naciones Unidas. En numerosas ocasiones, estos organismos han recomendado a Espa&ntilde;a aumentar las medidas para prevenir la tortura, concretamente eliminar las situaciones donde se facilita la comisi&oacute;n de torturas. Normalmente bajo la ley antiterrorista que permite mantener hasta 13 d&iacute;as a los acusados de pertenecer a banda armada en r&eacute;gimen de incomunicaci&oacute;n. Como se recoge en el informe &ldquo;resulta parad&oacute;jico que mientras los informes de organismos internacionales, ya desde los a&ntilde;os 90, alertaban de lo inconcebible de un r&eacute;gimen de incomunicaci&oacute;n de hasta cinco d&iacute;as, las reformas adoptadas por Espa&ntilde;a han seguido una direcci&oacute;n totalmente opuesta. La regulaci&oacute;n espa&ntilde;ola de la incomunicaci&oacute;n s&iacute; se ha modificado desde 2003 pero para ampliar un inicial per&iacute;odo de 5 d&iacute;as hasta el m&aacute;ximo de 13 que se prev&eacute;n actualmente. Se llega al absurdo de que pocos meses despu&eacute;s de que el Comit&eacute; Contra la Tortura expusiera su preocupaci&oacute;n por el per&iacute;odo de cinco d&iacute;as e instara a su reducci&oacute;n, el Gobierno aumentara el plazo hasta un m&aacute;ximo de 13 d&iacute;as&rdquo;.<\/p>\n<p>Pese a ello, se debe tener en cuenta que la tortura no es &uacute;nicamente un problema que se haya dado en sospechosos de delitos de terrorismo o se d&eacute; en la actualidad en movilizaciones sociales. La cantidad de denuncias por maltrato a internos en centros penitenciarios va en aumento y la misma tendencia siguen las quejas por el tratamiento a extranjeros. Esta diversidad en cuanto a posibles escenarios en los que se d&eacute; la tortura queda plasmada en la jurisprudencia del Tribunal Europeo de Derechos Humanos sobre Espa&ntilde;a relativa a la violaci&oacute;n del art&iacute;culo 3. Si bien la mayor&iacute;a de los pronunciamientos hac&iacute;an referencia a sospechosos de delitos de terrorismo, se encuentra tambi&eacute;n ejemplos de ataques a manifestantes y del trato dado a extranjeros.<\/p>\n","protected":false},"excerpt":{"rendered":"<p>&ldquo;La situaci&oacute;n de la tortura en Espa&ntilde;a no es una pr&aacute;ctica generalizada pero s&iacute; est&aacute; lejos de ser una pr&aacute;ctica erradicada&rdquo;, as&iacute; se recoge en el<span class=\"excerpt-hellip\"> [\u2026]<\/span><\/p>\n","protected":false},"author":1,"featured_media":1909,"comment_status":"closed","ping_status":"closed","sticky":false,"template":"","format":"standard","meta":{"_acf_changed":false,"footnotes":""},"categories":[],"tags":[83,117,118,442,519],"class_list":["post-7710","post","type-post","status-publish","format-standard","has-post-thumbnail","hentry","tag-tedh","tag-tortura","tag-comite-contra-la-tortura","tag-convenio-europeo-de-derechos-humanos","tag-comite-europeo-para-la-prevencion-de-la-tortura"],"acf":[],"yoast_head":"<!-- This site is optimized with the Yoast SEO plugin v27.3 - https:\/\/yoast.com\/product\/yoast-seo-wordpress\/ -->\n<title>La situaci\u00f3n de la tortura en Espa\u00f1a, a la luz de las sentencias del Tribunal Europeo de Derechos Humanos - IDHC<\/title>\n<meta name=\"robots\" content=\"index, follow, max-snippet:-1, max-image-preview:large, max-video-preview:-1\" \/>\n<link rel=\"canonical\" href=\"https:\/\/www.idhc.org\/es\/noticias\/la-situacion-de-la-tortura-en-espana-a-la-luz-de-las-sentencias-del-tribunal-europeo-de-derechos-humanos\/\" \/>\n<meta property=\"og:locale\" content=\"es_ES\" \/>\n<meta property=\"og:type\" content=\"article\" \/>\n<meta property=\"og:title\" content=\"La situaci\u00f3n de la tortura en Espa\u00f1a, a la luz de las sentencias del Tribunal Europeo de Derechos Humanos - IDHC\" \/>\n<meta property=\"og:description\" content=\"&ldquo;La situaci&oacute;n de la tortura en Espa&ntilde;a no es una pr&aacute;ctica generalizada pero s&iacute; est&aacute; lejos de ser una pr&aacute;ctica erradicada&rdquo;, as&iacute; se recoge en el [\u2026]\" \/>\n<meta property=\"og:url\" content=\"https:\/\/www.idhc.org\/es\/noticias\/la-situacion-de-la-tortura-en-espana-a-la-luz-de-las-sentencias-del-tribunal-europeo-de-derechos-humanos\/\" \/>\n<meta property=\"og:site_name\" content=\"IDHC\" \/>\n<meta property=\"article:publisher\" content=\"https:\/\/www.facebook.com\/institut.drets.humans.catalunya\" \/>\n<meta property=\"article:published_time\" content=\"2013-09-17T20:00:01+00:00\" \/>\n<meta property=\"article:modified_time\" content=\"2024-07-02T08:54:56+00:00\" \/>\n<meta property=\"og:image\" content=\"https:\/\/www.idhc.org\/wp-content\/uploads\/European_Court_of_Human_Rights-1024x576.jpg\" \/>\n\t<meta property=\"og:image:width\" content=\"1024\" \/>\n\t<meta property=\"og:image:height\" content=\"576\" \/>\n\t<meta property=\"og:image:type\" content=\"image\/jpeg\" \/>\n<meta name=\"author\" content=\"Ferran Sarri\u00f3 (Space Bits)\" \/>\n<meta name=\"twitter:card\" content=\"summary_large_image\" \/>\n<meta name=\"twitter:creator\" content=\"@institut_IDHC\" \/>\n<meta name=\"twitter:site\" content=\"@institut_IDHC\" \/>\n<meta name=\"twitter:label1\" content=\"Escrito por\" \/>\n\t<meta name=\"twitter:data1\" content=\"Ferran Sarri\u00f3 (Space Bits)\" \/>\n\t<meta name=\"twitter:label2\" content=\"Tiempo de lectura\" \/>\n\t<meta name=\"twitter:data2\" content=\"3 minutos\" \/>\n<script type=\"application\/ld+json\" class=\"yoast-schema-graph\">{\"@context\":\"https:\\\/\\\/schema.org\",\"@graph\":[{\"@type\":\"Article\",\"@id\":\"https:\\\/\\\/www.idhc.org\\\/es\\\/noticias\\\/la-situacion-de-la-tortura-en-espana-a-la-luz-de-las-sentencias-del-tribunal-europeo-de-derechos-humanos\\\/#article\",\"isPartOf\":{\"@id\":\"https:\\\/\\\/www.idhc.org\\\/es\\\/noticias\\\/la-situacion-de-la-tortura-en-espana-a-la-luz-de-las-sentencias-del-tribunal-europeo-de-derechos-humanos\\\/\"},\"author\":{\"name\":\"Ferran Sarri\u00f3 (Space Bits)\",\"@id\":\"https:\\\/\\\/www.idhc.org\\\/es\\\/#\\\/schema\\\/person\\\/6c5202caf6ff1b4a75920edb3cae5cfa\"},\"headline\":\"La situaci\u00f3n de la tortura en Espa\u00f1a, a la luz de las sentencias del Tribunal Europeo de Derechos Humanos\",\"datePublished\":\"2013-09-17T20:00:01+00:00\",\"dateModified\":\"2024-07-02T08:54:56+00:00\",\"mainEntityOfPage\":{\"@id\":\"https:\\\/\\\/www.idhc.org\\\/es\\\/noticias\\\/la-situacion-de-la-tortura-en-espana-a-la-luz-de-las-sentencias-del-tribunal-europeo-de-derechos-humanos\\\/\"},\"wordCount\":647,\"image\":{\"@id\":\"https:\\\/\\\/www.idhc.org\\\/es\\\/noticias\\\/la-situacion-de-la-tortura-en-espana-a-la-luz-de-las-sentencias-del-tribunal-europeo-de-derechos-humanos\\\/#primaryimage\"},\"thumbnailUrl\":\"https:\\\/\\\/www.idhc.org\\\/wp-content\\\/uploads\\\/European_Court_of_Human_Rights-scaled.jpg\",\"keywords\":[\"TEDH\",\"Tortura\",\"Comit\u00e8 Contra la Tortura\",\"Convenio Europeo de Derechos Humanos\",\"Comit\u00e9 Europeo para la Prevenci\u00f3n de la Tortura\"],\"inLanguage\":\"es\"},{\"@type\":\"WebPage\",\"@id\":\"https:\\\/\\\/www.idhc.org\\\/es\\\/noticias\\\/la-situacion-de-la-tortura-en-espana-a-la-luz-de-las-sentencias-del-tribunal-europeo-de-derechos-humanos\\\/\",\"url\":\"https:\\\/\\\/www.idhc.org\\\/es\\\/noticias\\\/la-situacion-de-la-tortura-en-espana-a-la-luz-de-las-sentencias-del-tribunal-europeo-de-derechos-humanos\\\/\",\"name\":\"La situaci\u00f3n de la tortura en Espa\u00f1a, a la luz de las sentencias del Tribunal Europeo de Derechos Humanos - IDHC\",\"isPartOf\":{\"@id\":\"https:\\\/\\\/www.idhc.org\\\/es\\\/#website\"},\"primaryImageOfPage\":{\"@id\":\"https:\\\/\\\/www.idhc.org\\\/es\\\/noticias\\\/la-situacion-de-la-tortura-en-espana-a-la-luz-de-las-sentencias-del-tribunal-europeo-de-derechos-humanos\\\/#primaryimage\"},\"image\":{\"@id\":\"https:\\\/\\\/www.idhc.org\\\/es\\\/noticias\\\/la-situacion-de-la-tortura-en-espana-a-la-luz-de-las-sentencias-del-tribunal-europeo-de-derechos-humanos\\\/#primaryimage\"},\"thumbnailUrl\":\"https:\\\/\\\/www.idhc.org\\\/wp-content\\\/uploads\\\/European_Court_of_Human_Rights-scaled.jpg\",\"datePublished\":\"2013-09-17T20:00:01+00:00\",\"dateModified\":\"2024-07-02T08:54:56+00:00\",\"author\":{\"@id\":\"https:\\\/\\\/www.idhc.org\\\/es\\\/#\\\/schema\\\/person\\\/6c5202caf6ff1b4a75920edb3cae5cfa\"},\"breadcrumb\":{\"@id\":\"https:\\\/\\\/www.idhc.org\\\/es\\\/noticias\\\/la-situacion-de-la-tortura-en-espana-a-la-luz-de-las-sentencias-del-tribunal-europeo-de-derechos-humanos\\\/#breadcrumb\"},\"inLanguage\":\"es\",\"potentialAction\":[{\"@type\":\"ReadAction\",\"target\":[\"https:\\\/\\\/www.idhc.org\\\/es\\\/noticias\\\/la-situacion-de-la-tortura-en-espana-a-la-luz-de-las-sentencias-del-tribunal-europeo-de-derechos-humanos\\\/\"]}]},{\"@type\":\"ImageObject\",\"inLanguage\":\"es\",\"@id\":\"https:\\\/\\\/www.idhc.org\\\/es\\\/noticias\\\/la-situacion-de-la-tortura-en-espana-a-la-luz-de-las-sentencias-del-tribunal-europeo-de-derechos-humanos\\\/#primaryimage\",\"url\":\"https:\\\/\\\/www.idhc.org\\\/wp-content\\\/uploads\\\/European_Court_of_Human_Rights-scaled.jpg\",\"contentUrl\":\"https:\\\/\\\/www.idhc.org\\\/wp-content\\\/uploads\\\/European_Court_of_Human_Rights-scaled.jpg\",\"width\":4109,\"height\":2311},{\"@type\":\"BreadcrumbList\",\"@id\":\"https:\\\/\\\/www.idhc.org\\\/es\\\/noticias\\\/la-situacion-de-la-tortura-en-espana-a-la-luz-de-las-sentencias-del-tribunal-europeo-de-derechos-humanos\\\/#breadcrumb\",\"itemListElement\":[{\"@type\":\"ListItem\",\"position\":1,\"name\":\"Inici\",\"item\":\"https:\\\/\\\/www.idhc.org\\\/es\\\/\"},{\"@type\":\"ListItem\",\"position\":2,\"name\":\"La situaci\u00f3n de la tortura en Espa\u00f1a, a la luz de las sentencias del Tribunal Europeo de Derechos Humanos\"}]},{\"@type\":\"WebSite\",\"@id\":\"https:\\\/\\\/www.idhc.org\\\/es\\\/#website\",\"url\":\"https:\\\/\\\/www.idhc.org\\\/es\\\/\",\"name\":\"Institut de Drets Humans de Catalunya\",\"description\":\"\",\"alternateName\":\"IDHC\",\"potentialAction\":[{\"@type\":\"SearchAction\",\"target\":{\"@type\":\"EntryPoint\",\"urlTemplate\":\"https:\\\/\\\/www.idhc.org\\\/es\\\/?s={search_term_string}\"},\"query-input\":{\"@type\":\"PropertyValueSpecification\",\"valueRequired\":true,\"valueName\":\"search_term_string\"}}],\"inLanguage\":\"es\"},{\"@type\":\"Person\",\"@id\":\"https:\\\/\\\/www.idhc.org\\\/es\\\/#\\\/schema\\\/person\\\/6c5202caf6ff1b4a75920edb3cae5cfa\",\"name\":\"Ferran Sarri\u00f3 (Space Bits)\",\"image\":{\"@type\":\"ImageObject\",\"inLanguage\":\"es\",\"@id\":\"https:\\\/\\\/secure.gravatar.com\\\/avatar\\\/5969eb47d173b494f2b44e5c82814f24167f2a3ffd4d5772bef40681b2c82188?s=96&d=mm&r=g\",\"url\":\"https:\\\/\\\/secure.gravatar.com\\\/avatar\\\/5969eb47d173b494f2b44e5c82814f24167f2a3ffd4d5772bef40681b2c82188?s=96&d=mm&r=g\",\"contentUrl\":\"https:\\\/\\\/secure.gravatar.com\\\/avatar\\\/5969eb47d173b494f2b44e5c82814f24167f2a3ffd4d5772bef40681b2c82188?s=96&d=mm&r=g\",\"caption\":\"Ferran Sarri\u00f3 (Space Bits)\"},\"sameAs\":[\"https:\\\/\\\/www.spacebits.es\"]}]}<\/script>\n<!-- \/ Yoast SEO plugin. -->","yoast_head_json":{"title":"La situaci\u00f3n de la tortura en Espa\u00f1a, a la luz de las sentencias del Tribunal Europeo de Derechos Humanos - IDHC","robots":{"index":"index","follow":"follow","max-snippet":"max-snippet:-1","max-image-preview":"max-image-preview:large","max-video-preview":"max-video-preview:-1"},"canonical":"https:\/\/www.idhc.org\/es\/noticias\/la-situacion-de-la-tortura-en-espana-a-la-luz-de-las-sentencias-del-tribunal-europeo-de-derechos-humanos\/","og_locale":"es_ES","og_type":"article","og_title":"La situaci\u00f3n de la tortura en Espa\u00f1a, a la luz de las sentencias del Tribunal Europeo de Derechos Humanos - IDHC","og_description":"&ldquo;La situaci&oacute;n de la tortura en Espa&ntilde;a no es una pr&aacute;ctica generalizada pero s&iacute; est&aacute; lejos de ser una pr&aacute;ctica erradicada&rdquo;, as&iacute; se recoge en el [\u2026]","og_url":"https:\/\/www.idhc.org\/es\/noticias\/la-situacion-de-la-tortura-en-espana-a-la-luz-de-las-sentencias-del-tribunal-europeo-de-derechos-humanos\/","og_site_name":"IDHC","article_publisher":"https:\/\/www.facebook.com\/institut.drets.humans.catalunya","article_published_time":"2013-09-17T20:00:01+00:00","article_modified_time":"2024-07-02T08:54:56+00:00","og_image":[{"width":1024,"height":576,"url":"https:\/\/www.idhc.org\/wp-content\/uploads\/European_Court_of_Human_Rights-1024x576.jpg","type":"image\/jpeg"}],"author":"Ferran Sarri\u00f3 (Space Bits)","twitter_card":"summary_large_image","twitter_creator":"@institut_IDHC","twitter_site":"@institut_IDHC","twitter_misc":{"Escrito por":"Ferran Sarri\u00f3 (Space Bits)","Tiempo de lectura":"3 minutos"},"schema":{"@context":"https:\/\/schema.org","@graph":[{"@type":"Article","@id":"https:\/\/www.idhc.org\/es\/noticias\/la-situacion-de-la-tortura-en-espana-a-la-luz-de-las-sentencias-del-tribunal-europeo-de-derechos-humanos\/#article","isPartOf":{"@id":"https:\/\/www.idhc.org\/es\/noticias\/la-situacion-de-la-tortura-en-espana-a-la-luz-de-las-sentencias-del-tribunal-europeo-de-derechos-humanos\/"},"author":{"name":"Ferran Sarri\u00f3 (Space Bits)","@id":"https:\/\/www.idhc.org\/es\/#\/schema\/person\/6c5202caf6ff1b4a75920edb3cae5cfa"},"headline":"La situaci\u00f3n de la tortura en Espa\u00f1a, a la luz de las sentencias del Tribunal Europeo de Derechos Humanos","datePublished":"2013-09-17T20:00:01+00:00","dateModified":"2024-07-02T08:54:56+00:00","mainEntityOfPage":{"@id":"https:\/\/www.idhc.org\/es\/noticias\/la-situacion-de-la-tortura-en-espana-a-la-luz-de-las-sentencias-del-tribunal-europeo-de-derechos-humanos\/"},"wordCount":647,"image":{"@id":"https:\/\/www.idhc.org\/es\/noticias\/la-situacion-de-la-tortura-en-espana-a-la-luz-de-las-sentencias-del-tribunal-europeo-de-derechos-humanos\/#primaryimage"},"thumbnailUrl":"https:\/\/www.idhc.org\/wp-content\/uploads\/European_Court_of_Human_Rights-scaled.jpg","keywords":["TEDH","Tortura","Comit\u00e8 Contra la Tortura","Convenio Europeo de Derechos Humanos","Comit\u00e9 Europeo para la Prevenci\u00f3n de la Tortura"],"inLanguage":"es"},{"@type":"WebPage","@id":"https:\/\/www.idhc.org\/es\/noticias\/la-situacion-de-la-tortura-en-espana-a-la-luz-de-las-sentencias-del-tribunal-europeo-de-derechos-humanos\/","url":"https:\/\/www.idhc.org\/es\/noticias\/la-situacion-de-la-tortura-en-espana-a-la-luz-de-las-sentencias-del-tribunal-europeo-de-derechos-humanos\/","name":"La situaci\u00f3n de la tortura en Espa\u00f1a, a la luz de las sentencias del Tribunal Europeo de Derechos Humanos - IDHC","isPartOf":{"@id":"https:\/\/www.idhc.org\/es\/#website"},"primaryImageOfPage":{"@id":"https:\/\/www.idhc.org\/es\/noticias\/la-situacion-de-la-tortura-en-espana-a-la-luz-de-las-sentencias-del-tribunal-europeo-de-derechos-humanos\/#primaryimage"},"image":{"@id":"https:\/\/www.idhc.org\/es\/noticias\/la-situacion-de-la-tortura-en-espana-a-la-luz-de-las-sentencias-del-tribunal-europeo-de-derechos-humanos\/#primaryimage"},"thumbnailUrl":"https:\/\/www.idhc.org\/wp-content\/uploads\/European_Court_of_Human_Rights-scaled.jpg","datePublished":"2013-09-17T20:00:01+00:00","dateModified":"2024-07-02T08:54:56+00:00","author":{"@id":"https:\/\/www.idhc.org\/es\/#\/schema\/person\/6c5202caf6ff1b4a75920edb3cae5cfa"},"breadcrumb":{"@id":"https:\/\/www.idhc.org\/es\/noticias\/la-situacion-de-la-tortura-en-espana-a-la-luz-de-las-sentencias-del-tribunal-europeo-de-derechos-humanos\/#breadcrumb"},"inLanguage":"es","potentialAction":[{"@type":"ReadAction","target":["https:\/\/www.idhc.org\/es\/noticias\/la-situacion-de-la-tortura-en-espana-a-la-luz-de-las-sentencias-del-tribunal-europeo-de-derechos-humanos\/"]}]},{"@type":"ImageObject","inLanguage":"es","@id":"https:\/\/www.idhc.org\/es\/noticias\/la-situacion-de-la-tortura-en-espana-a-la-luz-de-las-sentencias-del-tribunal-europeo-de-derechos-humanos\/#primaryimage","url":"https:\/\/www.idhc.org\/wp-content\/uploads\/European_Court_of_Human_Rights-scaled.jpg","contentUrl":"https:\/\/www.idhc.org\/wp-content\/uploads\/European_Court_of_Human_Rights-scaled.jpg","width":4109,"height":2311},{"@type":"BreadcrumbList","@id":"https:\/\/www.idhc.org\/es\/noticias\/la-situacion-de-la-tortura-en-espana-a-la-luz-de-las-sentencias-del-tribunal-europeo-de-derechos-humanos\/#breadcrumb","itemListElement":[{"@type":"ListItem","position":1,"name":"Inici","item":"https:\/\/www.idhc.org\/es\/"},{"@type":"ListItem","position":2,"name":"La situaci\u00f3n de la tortura en Espa\u00f1a, a la luz de las sentencias del Tribunal Europeo de Derechos Humanos"}]},{"@type":"WebSite","@id":"https:\/\/www.idhc.org\/es\/#website","url":"https:\/\/www.idhc.org\/es\/","name":"Institut de Drets Humans de Catalunya","description":"","alternateName":"IDHC","potentialAction":[{"@type":"SearchAction","target":{"@type":"EntryPoint","urlTemplate":"https:\/\/www.idhc.org\/es\/?s={search_term_string}"},"query-input":{"@type":"PropertyValueSpecification","valueRequired":true,"valueName":"search_term_string"}}],"inLanguage":"es"},{"@type":"Person","@id":"https:\/\/www.idhc.org\/es\/#\/schema\/person\/6c5202caf6ff1b4a75920edb3cae5cfa","name":"Ferran Sarri\u00f3 (Space Bits)","image":{"@type":"ImageObject","inLanguage":"es","@id":"https:\/\/secure.gravatar.com\/avatar\/5969eb47d173b494f2b44e5c82814f24167f2a3ffd4d5772bef40681b2c82188?s=96&d=mm&r=g","url":"https:\/\/secure.gravatar.com\/avatar\/5969eb47d173b494f2b44e5c82814f24167f2a3ffd4d5772bef40681b2c82188?s=96&d=mm&r=g","contentUrl":"https:\/\/secure.gravatar.com\/avatar\/5969eb47d173b494f2b44e5c82814f24167f2a3ffd4d5772bef40681b2c82188?s=96&d=mm&r=g","caption":"Ferran Sarri\u00f3 (Space Bits)"},"sameAs":["https:\/\/www.spacebits.es"]}]}},"_links":{"self":[{"href":"https:\/\/www.idhc.org\/es\/wp-json\/wp\/v2\/posts\/7710","targetHints":{"allow":["GET"]}}],"collection":[{"href":"https:\/\/www.idhc.org\/es\/wp-json\/wp\/v2\/posts"}],"about":[{"href":"https:\/\/www.idhc.org\/es\/wp-json\/wp\/v2\/types\/post"}],"author":[{"embeddable":true,"href":"https:\/\/www.idhc.org\/es\/wp-json\/wp\/v2\/users\/1"}],"replies":[{"embeddable":true,"href":"https:\/\/www.idhc.org\/es\/wp-json\/wp\/v2\/comments?post=7710"}],"version-history":[{"count":1,"href":"https:\/\/www.idhc.org\/es\/wp-json\/wp\/v2\/posts\/7710\/revisions"}],"predecessor-version":[{"id":7768,"href":"https:\/\/www.idhc.org\/es\/wp-json\/wp\/v2\/posts\/7710\/revisions\/7768"}],"wp:featuredmedia":[{"embeddable":true,"href":"https:\/\/www.idhc.org\/es\/wp-json\/wp\/v2\/media\/1909"}],"wp:attachment":[{"href":"https:\/\/www.idhc.org\/es\/wp-json\/wp\/v2\/media?parent=7710"}],"wp:term":[{"taxonomy":"category","embeddable":true,"href":"https:\/\/www.idhc.org\/es\/wp-json\/wp\/v2\/categories?post=7710"},{"taxonomy":"post_tag","embeddable":true,"href":"https:\/\/www.idhc.org\/es\/wp-json\/wp\/v2\/tags?post=7710"}],"curies":[{"name":"wp","href":"https:\/\/api.w.org\/{rel}","templated":true}]}}