{"id":7742,"date":"2012-06-13T22:00:01","date_gmt":"2012-06-13T20:00:01","guid":{"rendered":"https:\/\/www.idhc.org\/2024\/05\/29\/la-inclusion-de-los-derechos-humanos-en-las-politicas-publicas\/"},"modified":"2024-07-02T10:55:02","modified_gmt":"2024-07-02T08:55:02","slug":"la-inclusion-de-los-derechos-humanos-en-las-politicas-publicas","status":"publish","type":"post","link":"https:\/\/www.idhc.org\/es\/noticias\/la-inclusion-de-los-derechos-humanos-en-las-politicas-publicas\/","title":{"rendered":"La inclusi\u00f3n de los derechos humanos en las pol\u00edticas p\u00fablicas"},"content":{"rendered":"<p>Ante el compromiso del gobierno espa&ntilde;ol de dar continuidad al primer Plan de derechos humanos, vigente de 2008 a 2011, <strong>el Institut de Drets Humans de Catalunya publica un informe en el que se recogen las recomendaciones de las Naciones Unidas para la elaboraci&oacute;n de este tipo de planes. El informe extrae conclusiones de la experiencia del primer Plan de cara a la realizaci&oacute;n de una pr&oacute;xima estrategia en derechos humanos, que deber&aacute; realizar el nuevo gobierno. <\/strong> El pasado 14 de febrero el Congreso de los diputados aprob&oacute; una proposici&oacute;n no de ley en la que instaba al gobierno a &ldquo;implementar una estrategia con medidas concretas en pol&iacute;tica exterior e interior para la promoci&oacute;n y protecci&oacute;n de los derechos humanos&rdquo;.<\/p>\n<p>El informe del IDHC ofrece un resumen del <em>Handbook on National Human Rights Plans of Action <\/em>, el manual que las Naciones Unidas pone a disposici&oacute;n de los estados para facilitar la elaboraci&oacute;n de planes de acci&oacute;n. Seg&uacute;n este manual los planes de derechos humanos tienen como objetivo la mejora de la promoci&oacute;n y la protecci&oacute;n de los derechos humanos de un determinado pa&iacute;s. Para conseguirlo, estas mejoras deben situarse el contexto de las pol&iacute;ticas p&uacute;blicas, de tal manera que el gobierno planifique programas y medidas encaminados a ese disfrute, involucre a todos los ministerios y resto de administraciones y reserve los recursos necesarios para ello.<\/p>\n<p>En el informe se analiza tambi&eacute;n el proceso de elaboraci&oacute;n e implementaci&oacute;n del Plan aprobado en diciembre de 2008 y vigente hasta el final de la &uacute;ltima legislatura socialista en noviembre de 2011. El Plan conten&iacute;a 172 medidas que iban desde la ratificaci&oacute;n de tratados internacionales de defensa de los derechos humanos, hasta la puesta en marcha de planes espec&iacute;ficos como el de atenci&oacute;n y prevenci&oacute;n de la violencia de g&eacute;nero en la poblaci&oacute;n inmigrante, por ejemplo. De las 172 medidas, 97 de ellas fueron implementadas, resultado que puede valorarse como exitoso. Sin embargo, ha de tenerse en cuenta que el proceso de redacci&oacute;n del Plan as&iacute; como su seguimiento ni parti&oacute; de un an&aacute;lisis previo de la situaci&oacute;n de los derechos humanos en Espa&ntilde;a ni cont&oacute; con la participaci&oacute;n de la sociedad civil y otros actores fundamentales en la defensa de los derechos humanos en el pa&iacute;s, tal como recomienda las Naciones Unidas. Aspectos como la regulaci&oacute;n de los centros de internamiento de extranjeros o la justiciabilidad del derecho a la vivienda quedaron fuera del alcance del Plan. Y otros, como la reforma de la Ley de libertad religiosa, nunca se acometieron.<\/p>\n<p>Para el IDHC <em>&ldquo;Los planes de derechos humanos son instrumentos de planificaci&oacute;n de pol&iacute;ticas p&uacute;blicas potencialmente muy poderosos y en ocasiones mal entendidos. La promoci&oacute;n y protecci&oacute;n de los derechos humanos de una poblaci&oacute;n debe de ser el objetivo &uacute;ltimo y general de todo gobierno y, por tanto, debe escapar de los cambios de color pol&iacute;tico y situarse por encima de los vaivenes en el ejecutivo&rdquo;. <\/em> De hecho, tal y como se recoge en el informe &ldquo; <em>un plan de derechos humanos nos servir&aacute; de instrumento vertebrador y coordinador de pol&iacute;ticas y medidas que probablemente ya se est&aacute;n llevando a cabo o que ya est&aacute;n planificadas, pero que no se hab&iacute;an analizado desde el prisma de los derechos humanos o no se les hab&iacute;a puesto este calificativo. Nos ser&aacute; de utilidad el plan no para hacer pol&iacute;ticas DE derechos humanos sino para planificar los derechos humanos EN las pol&iacute;ticas p&uacute;blicas<\/em>.&rdquo;<\/p>\n<p>Con esta convicci&oacute;n, el IDHC presenta una serie de recomendaciones dirigidas tanto al gobierno, como a las administraciones regionales y locales, y a la sociedad civil, para trabajar de forma coordinada y siguiendo las recomendaciones de Naciones Unidas en la siguiente estrategia de derechos humanos.<\/p>\n","protected":false},"excerpt":{"rendered":"<p>Ante el compromiso del gobierno espa&ntilde;ol de dar continuidad al primer Plan de derechos humanos, vigente de 2008 a 2011, el Institut de Drets Humans de<span class=\"excerpt-hellip\"> [\u2026]<\/span><\/p>\n","protected":false},"author":1,"featured_media":0,"comment_status":"closed","ping_status":"closed","sticky":false,"template":"","format":"standard","meta":{"_acf_changed":false,"footnotes":""},"categories":[],"tags":[462,565],"class_list":["post-7742","post","type-post","status-publish","format-standard","hentry","tag-plan-derechos-humanos-espana","tag-politicas-publicas"],"acf":[],"yoast_head":"<!-- This site is optimized with the Yoast SEO plugin v27.3 - https:\/\/yoast.com\/product\/yoast-seo-wordpress\/ -->\n<title>La inclusi\u00f3n de los derechos humanos en las pol\u00edticas p\u00fablicas - IDHC<\/title>\n<meta name=\"robots\" content=\"index, follow, max-snippet:-1, max-image-preview:large, max-video-preview:-1\" \/>\n<link rel=\"canonical\" href=\"https:\/\/www.idhc.org\/es\/noticias\/la-inclusion-de-los-derechos-humanos-en-las-politicas-publicas\/\" \/>\n<meta property=\"og:locale\" content=\"es_ES\" \/>\n<meta property=\"og:type\" content=\"article\" \/>\n<meta property=\"og:title\" content=\"La inclusi\u00f3n de los derechos humanos en las pol\u00edticas p\u00fablicas - IDHC\" \/>\n<meta property=\"og:description\" content=\"Ante el compromiso del gobierno espa&ntilde;ol de dar continuidad al primer Plan de derechos humanos, vigente de 2008 a 2011, el Institut de Drets Humans de [\u2026]\" \/>\n<meta property=\"og:url\" content=\"https:\/\/www.idhc.org\/es\/noticias\/la-inclusion-de-los-derechos-humanos-en-las-politicas-publicas\/\" \/>\n<meta property=\"og:site_name\" content=\"IDHC\" \/>\n<meta property=\"article:publisher\" content=\"https:\/\/www.facebook.com\/institut.drets.humans.catalunya\" \/>\n<meta property=\"article:published_time\" content=\"2012-06-13T20:00:01+00:00\" \/>\n<meta property=\"article:modified_time\" content=\"2024-07-02T08:55:02+00:00\" \/>\n<meta property=\"og:image\" content=\"https:\/\/www.idhc.org\/wp-content\/uploads\/opengraph-card.jpg\" \/>\n\t<meta property=\"og:image:width\" content=\"1200\" \/>\n\t<meta property=\"og:image:height\" content=\"630\" \/>\n\t<meta property=\"og:image:type\" content=\"image\/jpeg\" \/>\n<meta name=\"author\" content=\"Ferran Sarri\u00f3 (Space Bits)\" \/>\n<meta name=\"twitter:card\" content=\"summary_large_image\" \/>\n<meta name=\"twitter:creator\" content=\"@institut_IDHC\" \/>\n<meta name=\"twitter:site\" content=\"@institut_IDHC\" \/>\n<meta name=\"twitter:label1\" content=\"Escrito por\" \/>\n\t<meta name=\"twitter:data1\" content=\"Ferran Sarri\u00f3 (Space Bits)\" \/>\n\t<meta name=\"twitter:label2\" content=\"Tiempo de lectura\" \/>\n\t<meta name=\"twitter:data2\" content=\"4 minutos\" \/>\n<script type=\"application\/ld+json\" class=\"yoast-schema-graph\">{\"@context\":\"https:\\\/\\\/schema.org\",\"@graph\":[{\"@type\":\"Article\",\"@id\":\"https:\\\/\\\/www.idhc.org\\\/es\\\/noticias\\\/la-inclusion-de-los-derechos-humanos-en-las-politicas-publicas\\\/#article\",\"isPartOf\":{\"@id\":\"https:\\\/\\\/www.idhc.org\\\/es\\\/noticias\\\/la-inclusion-de-los-derechos-humanos-en-las-politicas-publicas\\\/\"},\"author\":{\"name\":\"Ferran Sarri\u00f3 (Space Bits)\",\"@id\":\"https:\\\/\\\/www.idhc.org\\\/es\\\/#\\\/schema\\\/person\\\/6c5202caf6ff1b4a75920edb3cae5cfa\"},\"headline\":\"La inclusi\u00f3n de los derechos humanos en las pol\u00edticas p\u00fablicas\",\"datePublished\":\"2012-06-13T20:00:01+00:00\",\"dateModified\":\"2024-07-02T08:55:02+00:00\",\"mainEntityOfPage\":{\"@id\":\"https:\\\/\\\/www.idhc.org\\\/es\\\/noticias\\\/la-inclusion-de-los-derechos-humanos-en-las-politicas-publicas\\\/\"},\"wordCount\":732,\"keywords\":[\"Plan Derechos Humanos - Espa\u00f1a\",\"Pol\u00edticas p\u00fablicas\"],\"inLanguage\":\"es\"},{\"@type\":\"WebPage\",\"@id\":\"https:\\\/\\\/www.idhc.org\\\/es\\\/noticias\\\/la-inclusion-de-los-derechos-humanos-en-las-politicas-publicas\\\/\",\"url\":\"https:\\\/\\\/www.idhc.org\\\/es\\\/noticias\\\/la-inclusion-de-los-derechos-humanos-en-las-politicas-publicas\\\/\",\"name\":\"La inclusi\u00f3n de los derechos humanos en las pol\u00edticas p\u00fablicas - IDHC\",\"isPartOf\":{\"@id\":\"https:\\\/\\\/www.idhc.org\\\/es\\\/#website\"},\"datePublished\":\"2012-06-13T20:00:01+00:00\",\"dateModified\":\"2024-07-02T08:55:02+00:00\",\"author\":{\"@id\":\"https:\\\/\\\/www.idhc.org\\\/es\\\/#\\\/schema\\\/person\\\/6c5202caf6ff1b4a75920edb3cae5cfa\"},\"breadcrumb\":{\"@id\":\"https:\\\/\\\/www.idhc.org\\\/es\\\/noticias\\\/la-inclusion-de-los-derechos-humanos-en-las-politicas-publicas\\\/#breadcrumb\"},\"inLanguage\":\"es\",\"potentialAction\":[{\"@type\":\"ReadAction\",\"target\":[\"https:\\\/\\\/www.idhc.org\\\/es\\\/noticias\\\/la-inclusion-de-los-derechos-humanos-en-las-politicas-publicas\\\/\"]}]},{\"@type\":\"BreadcrumbList\",\"@id\":\"https:\\\/\\\/www.idhc.org\\\/es\\\/noticias\\\/la-inclusion-de-los-derechos-humanos-en-las-politicas-publicas\\\/#breadcrumb\",\"itemListElement\":[{\"@type\":\"ListItem\",\"position\":1,\"name\":\"Inici\",\"item\":\"https:\\\/\\\/www.idhc.org\\\/es\\\/\"},{\"@type\":\"ListItem\",\"position\":2,\"name\":\"La inclusi\u00f3n de los derechos humanos en las pol\u00edticas p\u00fablicas\"}]},{\"@type\":\"WebSite\",\"@id\":\"https:\\\/\\\/www.idhc.org\\\/es\\\/#website\",\"url\":\"https:\\\/\\\/www.idhc.org\\\/es\\\/\",\"name\":\"Institut de Drets Humans de Catalunya\",\"description\":\"\",\"alternateName\":\"IDHC\",\"potentialAction\":[{\"@type\":\"SearchAction\",\"target\":{\"@type\":\"EntryPoint\",\"urlTemplate\":\"https:\\\/\\\/www.idhc.org\\\/es\\\/?s={search_term_string}\"},\"query-input\":{\"@type\":\"PropertyValueSpecification\",\"valueRequired\":true,\"valueName\":\"search_term_string\"}}],\"inLanguage\":\"es\"},{\"@type\":\"Person\",\"@id\":\"https:\\\/\\\/www.idhc.org\\\/es\\\/#\\\/schema\\\/person\\\/6c5202caf6ff1b4a75920edb3cae5cfa\",\"name\":\"Ferran Sarri\u00f3 (Space Bits)\",\"image\":{\"@type\":\"ImageObject\",\"inLanguage\":\"es\",\"@id\":\"https:\\\/\\\/secure.gravatar.com\\\/avatar\\\/5969eb47d173b494f2b44e5c82814f24167f2a3ffd4d5772bef40681b2c82188?s=96&d=mm&r=g\",\"url\":\"https:\\\/\\\/secure.gravatar.com\\\/avatar\\\/5969eb47d173b494f2b44e5c82814f24167f2a3ffd4d5772bef40681b2c82188?s=96&d=mm&r=g\",\"contentUrl\":\"https:\\\/\\\/secure.gravatar.com\\\/avatar\\\/5969eb47d173b494f2b44e5c82814f24167f2a3ffd4d5772bef40681b2c82188?s=96&d=mm&r=g\",\"caption\":\"Ferran Sarri\u00f3 (Space Bits)\"},\"sameAs\":[\"https:\\\/\\\/www.spacebits.es\"]}]}<\/script>\n<!-- \/ Yoast SEO plugin. -->","yoast_head_json":{"title":"La inclusi\u00f3n de los derechos humanos en las pol\u00edticas p\u00fablicas - IDHC","robots":{"index":"index","follow":"follow","max-snippet":"max-snippet:-1","max-image-preview":"max-image-preview:large","max-video-preview":"max-video-preview:-1"},"canonical":"https:\/\/www.idhc.org\/es\/noticias\/la-inclusion-de-los-derechos-humanos-en-las-politicas-publicas\/","og_locale":"es_ES","og_type":"article","og_title":"La inclusi\u00f3n de los derechos humanos en las pol\u00edticas p\u00fablicas - IDHC","og_description":"Ante el compromiso del gobierno espa&ntilde;ol de dar continuidad al primer Plan de derechos humanos, vigente de 2008 a 2011, el Institut de Drets Humans de [\u2026]","og_url":"https:\/\/www.idhc.org\/es\/noticias\/la-inclusion-de-los-derechos-humanos-en-las-politicas-publicas\/","og_site_name":"IDHC","article_publisher":"https:\/\/www.facebook.com\/institut.drets.humans.catalunya","article_published_time":"2012-06-13T20:00:01+00:00","article_modified_time":"2024-07-02T08:55:02+00:00","og_image":[{"width":1200,"height":630,"url":"https:\/\/www.idhc.org\/wp-content\/uploads\/opengraph-card.jpg","type":"image\/jpeg"}],"author":"Ferran Sarri\u00f3 (Space Bits)","twitter_card":"summary_large_image","twitter_creator":"@institut_IDHC","twitter_site":"@institut_IDHC","twitter_misc":{"Escrito por":"Ferran Sarri\u00f3 (Space Bits)","Tiempo de lectura":"4 minutos"},"schema":{"@context":"https:\/\/schema.org","@graph":[{"@type":"Article","@id":"https:\/\/www.idhc.org\/es\/noticias\/la-inclusion-de-los-derechos-humanos-en-las-politicas-publicas\/#article","isPartOf":{"@id":"https:\/\/www.idhc.org\/es\/noticias\/la-inclusion-de-los-derechos-humanos-en-las-politicas-publicas\/"},"author":{"name":"Ferran Sarri\u00f3 (Space Bits)","@id":"https:\/\/www.idhc.org\/es\/#\/schema\/person\/6c5202caf6ff1b4a75920edb3cae5cfa"},"headline":"La inclusi\u00f3n de los derechos humanos en las pol\u00edticas p\u00fablicas","datePublished":"2012-06-13T20:00:01+00:00","dateModified":"2024-07-02T08:55:02+00:00","mainEntityOfPage":{"@id":"https:\/\/www.idhc.org\/es\/noticias\/la-inclusion-de-los-derechos-humanos-en-las-politicas-publicas\/"},"wordCount":732,"keywords":["Plan Derechos Humanos - Espa\u00f1a","Pol\u00edticas p\u00fablicas"],"inLanguage":"es"},{"@type":"WebPage","@id":"https:\/\/www.idhc.org\/es\/noticias\/la-inclusion-de-los-derechos-humanos-en-las-politicas-publicas\/","url":"https:\/\/www.idhc.org\/es\/noticias\/la-inclusion-de-los-derechos-humanos-en-las-politicas-publicas\/","name":"La inclusi\u00f3n de los derechos humanos en las pol\u00edticas p\u00fablicas - IDHC","isPartOf":{"@id":"https:\/\/www.idhc.org\/es\/#website"},"datePublished":"2012-06-13T20:00:01+00:00","dateModified":"2024-07-02T08:55:02+00:00","author":{"@id":"https:\/\/www.idhc.org\/es\/#\/schema\/person\/6c5202caf6ff1b4a75920edb3cae5cfa"},"breadcrumb":{"@id":"https:\/\/www.idhc.org\/es\/noticias\/la-inclusion-de-los-derechos-humanos-en-las-politicas-publicas\/#breadcrumb"},"inLanguage":"es","potentialAction":[{"@type":"ReadAction","target":["https:\/\/www.idhc.org\/es\/noticias\/la-inclusion-de-los-derechos-humanos-en-las-politicas-publicas\/"]}]},{"@type":"BreadcrumbList","@id":"https:\/\/www.idhc.org\/es\/noticias\/la-inclusion-de-los-derechos-humanos-en-las-politicas-publicas\/#breadcrumb","itemListElement":[{"@type":"ListItem","position":1,"name":"Inici","item":"https:\/\/www.idhc.org\/es\/"},{"@type":"ListItem","position":2,"name":"La inclusi\u00f3n de los derechos humanos en las pol\u00edticas p\u00fablicas"}]},{"@type":"WebSite","@id":"https:\/\/www.idhc.org\/es\/#website","url":"https:\/\/www.idhc.org\/es\/","name":"Institut de Drets Humans de Catalunya","description":"","alternateName":"IDHC","potentialAction":[{"@type":"SearchAction","target":{"@type":"EntryPoint","urlTemplate":"https:\/\/www.idhc.org\/es\/?s={search_term_string}"},"query-input":{"@type":"PropertyValueSpecification","valueRequired":true,"valueName":"search_term_string"}}],"inLanguage":"es"},{"@type":"Person","@id":"https:\/\/www.idhc.org\/es\/#\/schema\/person\/6c5202caf6ff1b4a75920edb3cae5cfa","name":"Ferran Sarri\u00f3 (Space Bits)","image":{"@type":"ImageObject","inLanguage":"es","@id":"https:\/\/secure.gravatar.com\/avatar\/5969eb47d173b494f2b44e5c82814f24167f2a3ffd4d5772bef40681b2c82188?s=96&d=mm&r=g","url":"https:\/\/secure.gravatar.com\/avatar\/5969eb47d173b494f2b44e5c82814f24167f2a3ffd4d5772bef40681b2c82188?s=96&d=mm&r=g","contentUrl":"https:\/\/secure.gravatar.com\/avatar\/5969eb47d173b494f2b44e5c82814f24167f2a3ffd4d5772bef40681b2c82188?s=96&d=mm&r=g","caption":"Ferran Sarri\u00f3 (Space Bits)"},"sameAs":["https:\/\/www.spacebits.es"]}]}},"_links":{"self":[{"href":"https:\/\/www.idhc.org\/es\/wp-json\/wp\/v2\/posts\/7742","targetHints":{"allow":["GET"]}}],"collection":[{"href":"https:\/\/www.idhc.org\/es\/wp-json\/wp\/v2\/posts"}],"about":[{"href":"https:\/\/www.idhc.org\/es\/wp-json\/wp\/v2\/types\/post"}],"author":[{"embeddable":true,"href":"https:\/\/www.idhc.org\/es\/wp-json\/wp\/v2\/users\/1"}],"replies":[{"embeddable":true,"href":"https:\/\/www.idhc.org\/es\/wp-json\/wp\/v2\/comments?post=7742"}],"version-history":[{"count":1,"href":"https:\/\/www.idhc.org\/es\/wp-json\/wp\/v2\/posts\/7742\/revisions"}],"predecessor-version":[{"id":7800,"href":"https:\/\/www.idhc.org\/es\/wp-json\/wp\/v2\/posts\/7742\/revisions\/7800"}],"wp:attachment":[{"href":"https:\/\/www.idhc.org\/es\/wp-json\/wp\/v2\/media?parent=7742"}],"wp:term":[{"taxonomy":"category","embeddable":true,"href":"https:\/\/www.idhc.org\/es\/wp-json\/wp\/v2\/categories?post=7742"},{"taxonomy":"post_tag","embeddable":true,"href":"https:\/\/www.idhc.org\/es\/wp-json\/wp\/v2\/tags?post=7742"}],"curies":[{"name":"wp","href":"https:\/\/api.w.org\/{rel}","templated":true}]}}