{"id":7833,"date":"2015-02-26T23:00:01","date_gmt":"2015-02-26T21:00:01","guid":{"rendered":"https:\/\/www.idhc.org\/2024\/05\/29\/un-grupo-de-relatores-especiales-de-la-onu-hace-publico-su-rechazo-a-la-ley-mordaza-y-a-la-reforma-del-codigo-penal\/"},"modified":"2024-07-02T10:54:41","modified_gmt":"2024-07-02T08:54:41","slug":"un-grupo-de-relatores-especiales-de-la-onu-hace-publico-su-rechazo-a-la-ley-mordaza-y-a-la-reforma-del-codigo-penal","status":"publish","type":"post","link":"https:\/\/www.idhc.org\/es\/noticias\/un-grupo-de-relatores-especiales-de-la-onu-hace-publico-su-rechazo-a-la-ley-mordaza-y-a-la-reforma-del-codigo-penal\/","title":{"rendered":"Un grupo de Relatores Especiales de la ONU hace p\u00fablico su rechazo a la \u00ab?Ley Mordaza&#8217; y a la reforma del C\u00f3digo Penal"},"content":{"rendered":"<p>En el comunicado se hace evidente el temor de los expertos en relaci&oacute;n con la falta de garant&iacute;as de respeto por los derechos fundamentales y las libertades p&uacute;blicas de los individuos, que supone la reforma legislativa del C&oacute;digo Penal para los delitos de terrorismo y de des&oacute;rdenes p&uacute;blicos y la Ley Org&aacute;nica de Protecci&oacute;n de la Seguridad Ciudadana, m&aacute;s conocida como &ldquo;Ley Mordaza&rdquo;.<\/p>\n<p>&nbsp;<\/p>\n<p>Para los expertos, estos cambios legislativos, son con gran probabilidad, una respuesta a las manifestaciones que se han venido sucediendo en Espa&ntilde;a, en respuesta a las pol&iacute;ticas del Gobierno, que no buscan otra cosa que limitarlas, vulnerando as&iacute; el ejercicio a la libertad de reuni&oacute;n y manifestaci&oacute;n pac&iacute;fica as&iacute; como de libertad de expresi&oacute;n, ambos recogidos en tratados internacionales.<\/p>\n<p>&nbsp;<\/p>\n<p>En el caso de la reforma del C&oacute;digo Penal, se se&ntilde;ala que el texto incluye definiciones muy amplias y poco concretas, que dan v&iacute;a libre a la aplicaci&oacute;n arbitraria de la ley por parte de las autoridades. Por ejemplo se tipifica como circunstancia agravante, que una serie de delitos se cometan en una reuni&oacute;n numerosa, por lo que lo que se pretende es aumentar las penas en casos de manifestaciones. Adem&aacute;s se&ntilde;alan que esta ambig&uuml;edad en la redacci&oacute;n tambi&eacute;n podr&iacute;a suponer la criminalizaci&oacute;n de la mera convocatoria de una manifestaci&oacute;n.<\/p>\n<p>&nbsp;<\/p>\n<p>Indefinici&oacute;n que tambi&eacute;n aparece en el apartado de los delitos de terrorismo, al penalizarse la &ldquo;incitaci&oacute;n, enaltecimiento o justificaci&oacute;n del terrorismo&rdquo;, sin m&aacute;s redacci&oacute;n que esta, por lo que se podr&iacute;an dar casos de restricciones del ejercicio a la libertad de expresi&oacute;n de&nbsp; o de castigo de conductas no constitutivas de actuaciones terroristas.<\/p>\n<p>&nbsp;<\/p>\n<p>La Ley Org&aacute;nica de Protecci&oacute;n de la Seguridad Ciudadana, en palabras del Relator Maina Kiai, lo que supone es una vulneraci&oacute;n de la &ldquo;esencia del derecho de manifestaci&oacute;n pac&iacute;fica pues penaliza una amplia gama de actos y conductas esenciales para el ejercicio de este derecho fundamental, limitando marcadamente el ejercicio del mismo&rdquo;. Pero adem&aacute;s, las disposiciones de esta ley tambi&eacute;n permiten las &ldquo;devoluciones en caliente&rdquo; de personas en peligro de ser torturadas en sus pa&iacute;ses de origen.<\/p>\n<p>&nbsp;<\/p>\n<p>Lo que los expertos independientes de la ONU piden y esperan, es que el Gobierno no siga adelante con estas reformas legislativas, que vulneran claramente est&aacute;ndares internacionales de derechos humanos y que se adopten las medidas necesarias que garanticen los derechos y libertades fundamentales.<\/p>\n<p>&nbsp;<\/p>\n<p>Los Relatores que firman el comunicado son Maina Kiai; relator sobre los derechos a la libertad de reuni&oacute;n pac&iacute;fica y asociaci&oacute;n, David Kaye; relator sobre la promoci&oacute;n y protecci&oacute;n del derecho a la libertad de opini&oacute;n y de expresi&oacute;n, Ben Emmerson; relator sobre la promoci&oacute;n y protecci&oacute;n de los derechos humanos y las libertades fundamentales en la lucha contra el terrorismo, Fran&ccedil;ois Cr&eacute;peau; relator sobre los derechos humanos de los migrantes y Michel Forst; relator sobre la situaci&oacute;n de las y los defensores de derechos humanos.<\/p>\n","protected":false},"excerpt":{"rendered":"<p>En el comunicado se hace evidente el temor de los expertos en relaci&oacute;n con la falta de garant&iacute;as de respeto por los derechos fundamentales y las<span class=\"excerpt-hellip\"> [\u2026]<\/span><\/p>\n","protected":false},"author":1,"featured_media":6773,"comment_status":"closed","ping_status":"closed","sticky":false,"template":"","format":"standard","meta":{"_acf_changed":false,"footnotes":""},"categories":[],"tags":[489,564,565],"class_list":["post-7833","post","type-post","status-publish","format-standard","has-post-thumbnail","hentry","tag-ley-mordaza","tag-sistema-universal-de-proteccion-de-ddhh","tag-politicas-publicas"],"acf":[],"yoast_head":"<!-- This site is optimized with the Yoast SEO plugin v27.3 - https:\/\/yoast.com\/product\/yoast-seo-wordpress\/ -->\n<title>Un grupo de Relatores Especiales de la ONU hace p\u00fablico su rechazo a la &quot;?Ley Mordaza&#039; y a la reforma del C\u00f3digo Penal - IDHC<\/title>\n<meta name=\"robots\" content=\"index, follow, max-snippet:-1, max-image-preview:large, max-video-preview:-1\" \/>\n<link rel=\"canonical\" href=\"https:\/\/www.idhc.org\/es\/noticias\/un-grupo-de-relatores-especiales-de-la-onu-hace-publico-su-rechazo-a-la-ley-mordaza-y-a-la-reforma-del-codigo-penal\/\" \/>\n<meta property=\"og:locale\" content=\"es_ES\" \/>\n<meta property=\"og:type\" content=\"article\" \/>\n<meta property=\"og:title\" content=\"Un grupo de Relatores Especiales de la ONU hace p\u00fablico su rechazo a la &quot;?Ley Mordaza&#039; y a la reforma del C\u00f3digo Penal - IDHC\" \/>\n<meta property=\"og:description\" content=\"En el comunicado se hace evidente el temor de los expertos en relaci&oacute;n con la falta de garant&iacute;as de respeto por los derechos fundamentales y las [\u2026]\" \/>\n<meta property=\"og:url\" content=\"https:\/\/www.idhc.org\/es\/noticias\/un-grupo-de-relatores-especiales-de-la-onu-hace-publico-su-rechazo-a-la-ley-mordaza-y-a-la-reforma-del-codigo-penal\/\" \/>\n<meta property=\"og:site_name\" content=\"IDHC\" \/>\n<meta property=\"article:publisher\" content=\"https:\/\/www.facebook.com\/institut.drets.humans.catalunya\" \/>\n<meta property=\"article:published_time\" content=\"2015-02-26T21:00:01+00:00\" \/>\n<meta property=\"article:modified_time\" content=\"2024-07-02T08:54:41+00:00\" \/>\n<meta property=\"og:image\" content=\"https:\/\/www.idhc.org\/wp-content\/uploads\/demonstration-549033_640-4.jpg\" \/>\n\t<meta property=\"og:image:width\" content=\"640\" \/>\n\t<meta property=\"og:image:height\" content=\"480\" \/>\n\t<meta property=\"og:image:type\" content=\"image\/jpeg\" \/>\n<meta name=\"author\" content=\"Ferran Sarri\u00f3 (Space Bits)\" \/>\n<meta name=\"twitter:card\" content=\"summary_large_image\" \/>\n<meta name=\"twitter:creator\" content=\"@institut_IDHC\" \/>\n<meta name=\"twitter:site\" content=\"@institut_IDHC\" \/>\n<meta name=\"twitter:label1\" content=\"Escrito por\" \/>\n\t<meta name=\"twitter:data1\" content=\"Ferran Sarri\u00f3 (Space Bits)\" \/>\n\t<meta name=\"twitter:label2\" content=\"Tiempo de lectura\" \/>\n\t<meta name=\"twitter:data2\" content=\"3 minutos\" \/>\n<script type=\"application\/ld+json\" class=\"yoast-schema-graph\">{\"@context\":\"https:\\\/\\\/schema.org\",\"@graph\":[{\"@type\":\"Article\",\"@id\":\"https:\\\/\\\/www.idhc.org\\\/es\\\/noticias\\\/un-grupo-de-relatores-especiales-de-la-onu-hace-publico-su-rechazo-a-la-ley-mordaza-y-a-la-reforma-del-codigo-penal\\\/#article\",\"isPartOf\":{\"@id\":\"https:\\\/\\\/www.idhc.org\\\/es\\\/noticias\\\/un-grupo-de-relatores-especiales-de-la-onu-hace-publico-su-rechazo-a-la-ley-mordaza-y-a-la-reforma-del-codigo-penal\\\/\"},\"author\":{\"name\":\"Ferran Sarri\u00f3 (Space Bits)\",\"@id\":\"https:\\\/\\\/www.idhc.org\\\/es\\\/#\\\/schema\\\/person\\\/6c5202caf6ff1b4a75920edb3cae5cfa\"},\"headline\":\"Un grupo de Relatores Especiales de la ONU hace p\u00fablico su rechazo a la \u00ab?Ley Mordaza&#8217; y a la reforma del C\u00f3digo Penal\",\"datePublished\":\"2015-02-26T21:00:01+00:00\",\"dateModified\":\"2024-07-02T08:54:41+00:00\",\"mainEntityOfPage\":{\"@id\":\"https:\\\/\\\/www.idhc.org\\\/es\\\/noticias\\\/un-grupo-de-relatores-especiales-de-la-onu-hace-publico-su-rechazo-a-la-ley-mordaza-y-a-la-reforma-del-codigo-penal\\\/\"},\"wordCount\":628,\"image\":{\"@id\":\"https:\\\/\\\/www.idhc.org\\\/es\\\/noticias\\\/un-grupo-de-relatores-especiales-de-la-onu-hace-publico-su-rechazo-a-la-ley-mordaza-y-a-la-reforma-del-codigo-penal\\\/#primaryimage\"},\"thumbnailUrl\":\"https:\\\/\\\/www.idhc.org\\\/wp-content\\\/uploads\\\/demonstration-549033_640-4.jpg\",\"keywords\":[\"Ley Mordaza\",\"Sistema Universal de Protecci\u00f3n de DDHH\",\"Pol\u00edticas p\u00fablicas\"],\"inLanguage\":\"es\"},{\"@type\":\"WebPage\",\"@id\":\"https:\\\/\\\/www.idhc.org\\\/es\\\/noticias\\\/un-grupo-de-relatores-especiales-de-la-onu-hace-publico-su-rechazo-a-la-ley-mordaza-y-a-la-reforma-del-codigo-penal\\\/\",\"url\":\"https:\\\/\\\/www.idhc.org\\\/es\\\/noticias\\\/un-grupo-de-relatores-especiales-de-la-onu-hace-publico-su-rechazo-a-la-ley-mordaza-y-a-la-reforma-del-codigo-penal\\\/\",\"name\":\"Un grupo de Relatores Especiales de la ONU hace p\u00fablico su rechazo a la \\\"?Ley Mordaza' y a la reforma del C\u00f3digo Penal - IDHC\",\"isPartOf\":{\"@id\":\"https:\\\/\\\/www.idhc.org\\\/es\\\/#website\"},\"primaryImageOfPage\":{\"@id\":\"https:\\\/\\\/www.idhc.org\\\/es\\\/noticias\\\/un-grupo-de-relatores-especiales-de-la-onu-hace-publico-su-rechazo-a-la-ley-mordaza-y-a-la-reforma-del-codigo-penal\\\/#primaryimage\"},\"image\":{\"@id\":\"https:\\\/\\\/www.idhc.org\\\/es\\\/noticias\\\/un-grupo-de-relatores-especiales-de-la-onu-hace-publico-su-rechazo-a-la-ley-mordaza-y-a-la-reforma-del-codigo-penal\\\/#primaryimage\"},\"thumbnailUrl\":\"https:\\\/\\\/www.idhc.org\\\/wp-content\\\/uploads\\\/demonstration-549033_640-4.jpg\",\"datePublished\":\"2015-02-26T21:00:01+00:00\",\"dateModified\":\"2024-07-02T08:54:41+00:00\",\"author\":{\"@id\":\"https:\\\/\\\/www.idhc.org\\\/es\\\/#\\\/schema\\\/person\\\/6c5202caf6ff1b4a75920edb3cae5cfa\"},\"breadcrumb\":{\"@id\":\"https:\\\/\\\/www.idhc.org\\\/es\\\/noticias\\\/un-grupo-de-relatores-especiales-de-la-onu-hace-publico-su-rechazo-a-la-ley-mordaza-y-a-la-reforma-del-codigo-penal\\\/#breadcrumb\"},\"inLanguage\":\"es\",\"potentialAction\":[{\"@type\":\"ReadAction\",\"target\":[\"https:\\\/\\\/www.idhc.org\\\/es\\\/noticias\\\/un-grupo-de-relatores-especiales-de-la-onu-hace-publico-su-rechazo-a-la-ley-mordaza-y-a-la-reforma-del-codigo-penal\\\/\"]}]},{\"@type\":\"ImageObject\",\"inLanguage\":\"es\",\"@id\":\"https:\\\/\\\/www.idhc.org\\\/es\\\/noticias\\\/un-grupo-de-relatores-especiales-de-la-onu-hace-publico-su-rechazo-a-la-ley-mordaza-y-a-la-reforma-del-codigo-penal\\\/#primaryimage\",\"url\":\"https:\\\/\\\/www.idhc.org\\\/wp-content\\\/uploads\\\/demonstration-549033_640-4.jpg\",\"contentUrl\":\"https:\\\/\\\/www.idhc.org\\\/wp-content\\\/uploads\\\/demonstration-549033_640-4.jpg\",\"width\":640,\"height\":480},{\"@type\":\"BreadcrumbList\",\"@id\":\"https:\\\/\\\/www.idhc.org\\\/es\\\/noticias\\\/un-grupo-de-relatores-especiales-de-la-onu-hace-publico-su-rechazo-a-la-ley-mordaza-y-a-la-reforma-del-codigo-penal\\\/#breadcrumb\",\"itemListElement\":[{\"@type\":\"ListItem\",\"position\":1,\"name\":\"Inici\",\"item\":\"https:\\\/\\\/www.idhc.org\\\/es\\\/\"},{\"@type\":\"ListItem\",\"position\":2,\"name\":\"Un grupo de Relatores Especiales de la ONU hace p\u00fablico su rechazo a la \u00ab?Ley Mordaza&#8217; y a la reforma del C\u00f3digo Penal\"}]},{\"@type\":\"WebSite\",\"@id\":\"https:\\\/\\\/www.idhc.org\\\/es\\\/#website\",\"url\":\"https:\\\/\\\/www.idhc.org\\\/es\\\/\",\"name\":\"Institut de Drets Humans de Catalunya\",\"description\":\"\",\"alternateName\":\"IDHC\",\"potentialAction\":[{\"@type\":\"SearchAction\",\"target\":{\"@type\":\"EntryPoint\",\"urlTemplate\":\"https:\\\/\\\/www.idhc.org\\\/es\\\/?s={search_term_string}\"},\"query-input\":{\"@type\":\"PropertyValueSpecification\",\"valueRequired\":true,\"valueName\":\"search_term_string\"}}],\"inLanguage\":\"es\"},{\"@type\":\"Person\",\"@id\":\"https:\\\/\\\/www.idhc.org\\\/es\\\/#\\\/schema\\\/person\\\/6c5202caf6ff1b4a75920edb3cae5cfa\",\"name\":\"Ferran Sarri\u00f3 (Space Bits)\",\"image\":{\"@type\":\"ImageObject\",\"inLanguage\":\"es\",\"@id\":\"https:\\\/\\\/secure.gravatar.com\\\/avatar\\\/5969eb47d173b494f2b44e5c82814f24167f2a3ffd4d5772bef40681b2c82188?s=96&d=mm&r=g\",\"url\":\"https:\\\/\\\/secure.gravatar.com\\\/avatar\\\/5969eb47d173b494f2b44e5c82814f24167f2a3ffd4d5772bef40681b2c82188?s=96&d=mm&r=g\",\"contentUrl\":\"https:\\\/\\\/secure.gravatar.com\\\/avatar\\\/5969eb47d173b494f2b44e5c82814f24167f2a3ffd4d5772bef40681b2c82188?s=96&d=mm&r=g\",\"caption\":\"Ferran Sarri\u00f3 (Space Bits)\"},\"sameAs\":[\"https:\\\/\\\/www.spacebits.es\"]}]}<\/script>\n<!-- \/ Yoast SEO plugin. -->","yoast_head_json":{"title":"Un grupo de Relatores Especiales de la ONU hace p\u00fablico su rechazo a la \"?Ley Mordaza' y a la reforma del C\u00f3digo Penal - IDHC","robots":{"index":"index","follow":"follow","max-snippet":"max-snippet:-1","max-image-preview":"max-image-preview:large","max-video-preview":"max-video-preview:-1"},"canonical":"https:\/\/www.idhc.org\/es\/noticias\/un-grupo-de-relatores-especiales-de-la-onu-hace-publico-su-rechazo-a-la-ley-mordaza-y-a-la-reforma-del-codigo-penal\/","og_locale":"es_ES","og_type":"article","og_title":"Un grupo de Relatores Especiales de la ONU hace p\u00fablico su rechazo a la \"?Ley Mordaza' y a la reforma del C\u00f3digo Penal - IDHC","og_description":"En el comunicado se hace evidente el temor de los expertos en relaci&oacute;n con la falta de garant&iacute;as de respeto por los derechos fundamentales y las [\u2026]","og_url":"https:\/\/www.idhc.org\/es\/noticias\/un-grupo-de-relatores-especiales-de-la-onu-hace-publico-su-rechazo-a-la-ley-mordaza-y-a-la-reforma-del-codigo-penal\/","og_site_name":"IDHC","article_publisher":"https:\/\/www.facebook.com\/institut.drets.humans.catalunya","article_published_time":"2015-02-26T21:00:01+00:00","article_modified_time":"2024-07-02T08:54:41+00:00","og_image":[{"width":640,"height":480,"url":"https:\/\/www.idhc.org\/wp-content\/uploads\/demonstration-549033_640-4.jpg","type":"image\/jpeg"}],"author":"Ferran Sarri\u00f3 (Space Bits)","twitter_card":"summary_large_image","twitter_creator":"@institut_IDHC","twitter_site":"@institut_IDHC","twitter_misc":{"Escrito por":"Ferran Sarri\u00f3 (Space Bits)","Tiempo de lectura":"3 minutos"},"schema":{"@context":"https:\/\/schema.org","@graph":[{"@type":"Article","@id":"https:\/\/www.idhc.org\/es\/noticias\/un-grupo-de-relatores-especiales-de-la-onu-hace-publico-su-rechazo-a-la-ley-mordaza-y-a-la-reforma-del-codigo-penal\/#article","isPartOf":{"@id":"https:\/\/www.idhc.org\/es\/noticias\/un-grupo-de-relatores-especiales-de-la-onu-hace-publico-su-rechazo-a-la-ley-mordaza-y-a-la-reforma-del-codigo-penal\/"},"author":{"name":"Ferran Sarri\u00f3 (Space Bits)","@id":"https:\/\/www.idhc.org\/es\/#\/schema\/person\/6c5202caf6ff1b4a75920edb3cae5cfa"},"headline":"Un grupo de Relatores Especiales de la ONU hace p\u00fablico su rechazo a la \u00ab?Ley Mordaza&#8217; y a la reforma del C\u00f3digo Penal","datePublished":"2015-02-26T21:00:01+00:00","dateModified":"2024-07-02T08:54:41+00:00","mainEntityOfPage":{"@id":"https:\/\/www.idhc.org\/es\/noticias\/un-grupo-de-relatores-especiales-de-la-onu-hace-publico-su-rechazo-a-la-ley-mordaza-y-a-la-reforma-del-codigo-penal\/"},"wordCount":628,"image":{"@id":"https:\/\/www.idhc.org\/es\/noticias\/un-grupo-de-relatores-especiales-de-la-onu-hace-publico-su-rechazo-a-la-ley-mordaza-y-a-la-reforma-del-codigo-penal\/#primaryimage"},"thumbnailUrl":"https:\/\/www.idhc.org\/wp-content\/uploads\/demonstration-549033_640-4.jpg","keywords":["Ley Mordaza","Sistema Universal de Protecci\u00f3n de DDHH","Pol\u00edticas p\u00fablicas"],"inLanguage":"es"},{"@type":"WebPage","@id":"https:\/\/www.idhc.org\/es\/noticias\/un-grupo-de-relatores-especiales-de-la-onu-hace-publico-su-rechazo-a-la-ley-mordaza-y-a-la-reforma-del-codigo-penal\/","url":"https:\/\/www.idhc.org\/es\/noticias\/un-grupo-de-relatores-especiales-de-la-onu-hace-publico-su-rechazo-a-la-ley-mordaza-y-a-la-reforma-del-codigo-penal\/","name":"Un grupo de Relatores Especiales de la ONU hace p\u00fablico su rechazo a la \"?Ley Mordaza' y a la reforma del C\u00f3digo Penal - IDHC","isPartOf":{"@id":"https:\/\/www.idhc.org\/es\/#website"},"primaryImageOfPage":{"@id":"https:\/\/www.idhc.org\/es\/noticias\/un-grupo-de-relatores-especiales-de-la-onu-hace-publico-su-rechazo-a-la-ley-mordaza-y-a-la-reforma-del-codigo-penal\/#primaryimage"},"image":{"@id":"https:\/\/www.idhc.org\/es\/noticias\/un-grupo-de-relatores-especiales-de-la-onu-hace-publico-su-rechazo-a-la-ley-mordaza-y-a-la-reforma-del-codigo-penal\/#primaryimage"},"thumbnailUrl":"https:\/\/www.idhc.org\/wp-content\/uploads\/demonstration-549033_640-4.jpg","datePublished":"2015-02-26T21:00:01+00:00","dateModified":"2024-07-02T08:54:41+00:00","author":{"@id":"https:\/\/www.idhc.org\/es\/#\/schema\/person\/6c5202caf6ff1b4a75920edb3cae5cfa"},"breadcrumb":{"@id":"https:\/\/www.idhc.org\/es\/noticias\/un-grupo-de-relatores-especiales-de-la-onu-hace-publico-su-rechazo-a-la-ley-mordaza-y-a-la-reforma-del-codigo-penal\/#breadcrumb"},"inLanguage":"es","potentialAction":[{"@type":"ReadAction","target":["https:\/\/www.idhc.org\/es\/noticias\/un-grupo-de-relatores-especiales-de-la-onu-hace-publico-su-rechazo-a-la-ley-mordaza-y-a-la-reforma-del-codigo-penal\/"]}]},{"@type":"ImageObject","inLanguage":"es","@id":"https:\/\/www.idhc.org\/es\/noticias\/un-grupo-de-relatores-especiales-de-la-onu-hace-publico-su-rechazo-a-la-ley-mordaza-y-a-la-reforma-del-codigo-penal\/#primaryimage","url":"https:\/\/www.idhc.org\/wp-content\/uploads\/demonstration-549033_640-4.jpg","contentUrl":"https:\/\/www.idhc.org\/wp-content\/uploads\/demonstration-549033_640-4.jpg","width":640,"height":480},{"@type":"BreadcrumbList","@id":"https:\/\/www.idhc.org\/es\/noticias\/un-grupo-de-relatores-especiales-de-la-onu-hace-publico-su-rechazo-a-la-ley-mordaza-y-a-la-reforma-del-codigo-penal\/#breadcrumb","itemListElement":[{"@type":"ListItem","position":1,"name":"Inici","item":"https:\/\/www.idhc.org\/es\/"},{"@type":"ListItem","position":2,"name":"Un grupo de Relatores Especiales de la ONU hace p\u00fablico su rechazo a la \u00ab?Ley Mordaza&#8217; y a la reforma del C\u00f3digo Penal"}]},{"@type":"WebSite","@id":"https:\/\/www.idhc.org\/es\/#website","url":"https:\/\/www.idhc.org\/es\/","name":"Institut de Drets Humans de Catalunya","description":"","alternateName":"IDHC","potentialAction":[{"@type":"SearchAction","target":{"@type":"EntryPoint","urlTemplate":"https:\/\/www.idhc.org\/es\/?s={search_term_string}"},"query-input":{"@type":"PropertyValueSpecification","valueRequired":true,"valueName":"search_term_string"}}],"inLanguage":"es"},{"@type":"Person","@id":"https:\/\/www.idhc.org\/es\/#\/schema\/person\/6c5202caf6ff1b4a75920edb3cae5cfa","name":"Ferran Sarri\u00f3 (Space Bits)","image":{"@type":"ImageObject","inLanguage":"es","@id":"https:\/\/secure.gravatar.com\/avatar\/5969eb47d173b494f2b44e5c82814f24167f2a3ffd4d5772bef40681b2c82188?s=96&d=mm&r=g","url":"https:\/\/secure.gravatar.com\/avatar\/5969eb47d173b494f2b44e5c82814f24167f2a3ffd4d5772bef40681b2c82188?s=96&d=mm&r=g","contentUrl":"https:\/\/secure.gravatar.com\/avatar\/5969eb47d173b494f2b44e5c82814f24167f2a3ffd4d5772bef40681b2c82188?s=96&d=mm&r=g","caption":"Ferran Sarri\u00f3 (Space Bits)"},"sameAs":["https:\/\/www.spacebits.es"]}]}},"_links":{"self":[{"href":"https:\/\/www.idhc.org\/es\/wp-json\/wp\/v2\/posts\/7833","targetHints":{"allow":["GET"]}}],"collection":[{"href":"https:\/\/www.idhc.org\/es\/wp-json\/wp\/v2\/posts"}],"about":[{"href":"https:\/\/www.idhc.org\/es\/wp-json\/wp\/v2\/types\/post"}],"author":[{"embeddable":true,"href":"https:\/\/www.idhc.org\/es\/wp-json\/wp\/v2\/users\/1"}],"replies":[{"embeddable":true,"href":"https:\/\/www.idhc.org\/es\/wp-json\/wp\/v2\/comments?post=7833"}],"version-history":[{"count":1,"href":"https:\/\/www.idhc.org\/es\/wp-json\/wp\/v2\/posts\/7833\/revisions"}],"predecessor-version":[{"id":7846,"href":"https:\/\/www.idhc.org\/es\/wp-json\/wp\/v2\/posts\/7833\/revisions\/7846"}],"wp:featuredmedia":[{"embeddable":true,"href":"https:\/\/www.idhc.org\/es\/wp-json\/wp\/v2\/media\/6773"}],"wp:attachment":[{"href":"https:\/\/www.idhc.org\/es\/wp-json\/wp\/v2\/media?parent=7833"}],"wp:term":[{"taxonomy":"category","embeddable":true,"href":"https:\/\/www.idhc.org\/es\/wp-json\/wp\/v2\/categories?post=7833"},{"taxonomy":"post_tag","embeddable":true,"href":"https:\/\/www.idhc.org\/es\/wp-json\/wp\/v2\/tags?post=7833"}],"curies":[{"name":"wp","href":"https:\/\/api.w.org\/{rel}","templated":true}]}}