{"id":7885,"date":"2015-01-21T23:00:01","date_gmt":"2015-01-21T21:00:01","guid":{"rendered":"https:\/\/www.idhc.org\/2024\/05\/29\/el-tribunal-europeo-de-derechos-humanos-niega-la-violacion-del-derecho-a-un-proceso-equitativo-por-parte-del-estado-espanol-en-el-caso-de-arribas-anton\/"},"modified":"2024-07-02T10:54:41","modified_gmt":"2024-07-02T08:54:41","slug":"el-tribunal-europeo-de-derechos-humanos-niega-la-violacion-del-derecho-a-un-proceso-equitativo-por-parte-del-estado-espanol-en-el-caso-de-arribas-anton","status":"publish","type":"post","link":"https:\/\/www.idhc.org\/es\/noticias\/el-tribunal-europeo-de-derechos-humanos-niega-la-violacion-del-derecho-a-un-proceso-equitativo-por-parte-del-estado-espanol-en-el-caso-de-arribas-anton\/","title":{"rendered":"El Tribunal Europeo de Derechos Humanos niega la violaci\u00f3n del derecho a un proceso equitativo por parte del Estado espa\u00f1ol, en el caso de Arribas Ant\u00f3n"},"content":{"rendered":"<p>El demandante, que se encontraba envuelto en un proceso judicial, hab&iacute;a agotado la v&iacute;a ordinaria y, debido a su inconformidad con el resultado obtenido, plante&oacute; recurso de amparo al Tribunal Constitucional, que se inadmiti&oacute; por no cumplir el requisito de demostrar la &ldquo;especial transcendencia constitucional de su recurso&rdquo;.&nbsp;<\/p>\n<p>El demandante considera que la causa de inadmisi&oacute;n aducida es excesivamente formalista, y que la interpretaci&oacute;n de este criterio por parte del Tribunal Constitucional le ha privado de su derecho a la tutela judicial efectiva, invocando as&iacute; la violaci&oacute;n del art&iacute;culo 6.1 del Convenio Europeo de Derechos Humanos. &nbsp;<\/p>\n<p>La sentencia se&ntilde;ala que desde la reforma de 2007, el recurso de amparo est&aacute; reservado a los asuntos que, por su transcendencia constitucional, requieran una valoraci&oacute;n del Tribunal Constitucional; recordando adem&aacute;s que este tipo de recurso no es una v&iacute;a de recurso judicial.&nbsp;<\/p>\n<p>De esta manera, para que un recuso de amparo sea admitido, el recurrente debe cumplir los criterios de admisibilidad seg&uacute;n lo dispuesto en la LOTC, adem&aacute;s de acreditar su transcendencia constitucional.&nbsp;<\/p>\n<p>El TEDH recuerda al respecto que no puede ir contra el Convenio, el que una jurisdicci&oacute;n superior rechace un recurso limit&aacute;ndose a citar las disposiciones legales previstas en tal procedimiento, ya que esto cumple las exigencias del art&iacute;culo 6 del Convenio, y adem&aacute;s, en este caso, est&aacute; desprovisto de arbitrariedad.&nbsp;<\/p>\n<p>Es por esto que el TEDH estima que al demandante no se la ha privado de la sustancia de su derecho a la tutela judicial efectiva, y que adem&aacute;s, las limitaciones aplicadas persegu&iacute;an un fin leg&iacute;timo.&nbsp;<\/p>\n<p>&nbsp;<\/p>\n","protected":false},"excerpt":{"rendered":"<p>El demandante, que se encontraba envuelto en un proceso judicial, hab&iacute;a agotado la v&iacute;a ordinaria y, debido a su inconformidad con el resultado obtenido, plante&oacute; recurso<span class=\"excerpt-hellip\"> [\u2026]<\/span><\/p>\n","protected":false},"author":1,"featured_media":0,"comment_status":"closed","ping_status":"closed","sticky":false,"template":"","format":"standard","meta":{"_acf_changed":false,"footnotes":""},"categories":[],"tags":[83,442,446,617],"class_list":["post-7885","post","type-post","status-publish","format-standard","hentry","tag-tedh","tag-convenio-europeo-de-derechos-humanos","tag-sistema-europeo-de-proteccion-de-los-ddhh","tag-derecho-a-la-tutela-judicial-efectiva"],"acf":[],"yoast_head":"<!-- This site is optimized with the Yoast SEO plugin v27.3 - https:\/\/yoast.com\/product\/yoast-seo-wordpress\/ -->\n<title>El Tribunal Europeo de Derechos Humanos niega la violaci\u00f3n del derecho a un proceso equitativo por parte del Estado espa\u00f1ol, en el caso de Arribas Ant\u00f3n - IDHC<\/title>\n<meta name=\"robots\" content=\"index, follow, max-snippet:-1, max-image-preview:large, max-video-preview:-1\" \/>\n<link rel=\"canonical\" href=\"https:\/\/www.idhc.org\/es\/noticias\/el-tribunal-europeo-de-derechos-humanos-niega-la-violacion-del-derecho-a-un-proceso-equitativo-por-parte-del-estado-espanol-en-el-caso-de-arribas-anton\/\" \/>\n<meta property=\"og:locale\" content=\"es_ES\" \/>\n<meta property=\"og:type\" content=\"article\" \/>\n<meta property=\"og:title\" content=\"El Tribunal Europeo de Derechos Humanos niega la violaci\u00f3n del derecho a un proceso equitativo por parte del Estado espa\u00f1ol, en el caso de Arribas Ant\u00f3n - IDHC\" \/>\n<meta property=\"og:description\" content=\"El demandante, que se encontraba envuelto en un proceso judicial, hab&iacute;a agotado la v&iacute;a ordinaria y, debido a su inconformidad con el resultado obtenido, plante&oacute; recurso [\u2026]\" \/>\n<meta property=\"og:url\" content=\"https:\/\/www.idhc.org\/es\/noticias\/el-tribunal-europeo-de-derechos-humanos-niega-la-violacion-del-derecho-a-un-proceso-equitativo-por-parte-del-estado-espanol-en-el-caso-de-arribas-anton\/\" \/>\n<meta property=\"og:site_name\" content=\"IDHC\" \/>\n<meta property=\"article:publisher\" content=\"https:\/\/www.facebook.com\/institut.drets.humans.catalunya\" \/>\n<meta property=\"article:published_time\" content=\"2015-01-21T21:00:01+00:00\" \/>\n<meta property=\"article:modified_time\" content=\"2024-07-02T08:54:41+00:00\" \/>\n<meta property=\"og:image\" content=\"https:\/\/www.idhc.org\/wp-content\/uploads\/opengraph-card.jpg\" \/>\n\t<meta property=\"og:image:width\" content=\"1200\" \/>\n\t<meta property=\"og:image:height\" content=\"630\" \/>\n\t<meta property=\"og:image:type\" content=\"image\/jpeg\" \/>\n<meta name=\"author\" content=\"Ferran Sarri\u00f3 (Space Bits)\" \/>\n<meta name=\"twitter:card\" content=\"summary_large_image\" \/>\n<meta name=\"twitter:creator\" content=\"@institut_IDHC\" \/>\n<meta name=\"twitter:site\" content=\"@institut_IDHC\" \/>\n<meta name=\"twitter:label1\" content=\"Escrito por\" \/>\n\t<meta name=\"twitter:data1\" content=\"Ferran Sarri\u00f3 (Space Bits)\" \/>\n\t<meta name=\"twitter:label2\" content=\"Tiempo de lectura\" \/>\n\t<meta name=\"twitter:data2\" content=\"2 minutos\" \/>\n<script type=\"application\/ld+json\" class=\"yoast-schema-graph\">{\"@context\":\"https:\\\/\\\/schema.org\",\"@graph\":[{\"@type\":\"Article\",\"@id\":\"https:\\\/\\\/www.idhc.org\\\/es\\\/noticias\\\/el-tribunal-europeo-de-derechos-humanos-niega-la-violacion-del-derecho-a-un-proceso-equitativo-por-parte-del-estado-espanol-en-el-caso-de-arribas-anton\\\/#article\",\"isPartOf\":{\"@id\":\"https:\\\/\\\/www.idhc.org\\\/es\\\/noticias\\\/el-tribunal-europeo-de-derechos-humanos-niega-la-violacion-del-derecho-a-un-proceso-equitativo-por-parte-del-estado-espanol-en-el-caso-de-arribas-anton\\\/\"},\"author\":{\"name\":\"Ferran Sarri\u00f3 (Space Bits)\",\"@id\":\"https:\\\/\\\/www.idhc.org\\\/es\\\/#\\\/schema\\\/person\\\/6c5202caf6ff1b4a75920edb3cae5cfa\"},\"headline\":\"El Tribunal Europeo de Derechos Humanos niega la violaci\u00f3n del derecho a un proceso equitativo por parte del Estado espa\u00f1ol, en el caso de Arribas Ant\u00f3n\",\"datePublished\":\"2015-01-21T21:00:01+00:00\",\"dateModified\":\"2024-07-02T08:54:41+00:00\",\"mainEntityOfPage\":{\"@id\":\"https:\\\/\\\/www.idhc.org\\\/es\\\/noticias\\\/el-tribunal-europeo-de-derechos-humanos-niega-la-violacion-del-derecho-a-un-proceso-equitativo-por-parte-del-estado-espanol-en-el-caso-de-arribas-anton\\\/\"},\"wordCount\":334,\"keywords\":[\"TEDH\",\"Convenio Europeo de Derechos Humanos\",\"Sistema Europeo de Protecci\u00f3n de los DDHH\",\"Derecho a la tutela judicial efectiva\"],\"inLanguage\":\"es\"},{\"@type\":\"WebPage\",\"@id\":\"https:\\\/\\\/www.idhc.org\\\/es\\\/noticias\\\/el-tribunal-europeo-de-derechos-humanos-niega-la-violacion-del-derecho-a-un-proceso-equitativo-por-parte-del-estado-espanol-en-el-caso-de-arribas-anton\\\/\",\"url\":\"https:\\\/\\\/www.idhc.org\\\/es\\\/noticias\\\/el-tribunal-europeo-de-derechos-humanos-niega-la-violacion-del-derecho-a-un-proceso-equitativo-por-parte-del-estado-espanol-en-el-caso-de-arribas-anton\\\/\",\"name\":\"El Tribunal Europeo de Derechos Humanos niega la violaci\u00f3n del derecho a un proceso equitativo por parte del Estado espa\u00f1ol, en el caso de Arribas Ant\u00f3n - IDHC\",\"isPartOf\":{\"@id\":\"https:\\\/\\\/www.idhc.org\\\/es\\\/#website\"},\"datePublished\":\"2015-01-21T21:00:01+00:00\",\"dateModified\":\"2024-07-02T08:54:41+00:00\",\"author\":{\"@id\":\"https:\\\/\\\/www.idhc.org\\\/es\\\/#\\\/schema\\\/person\\\/6c5202caf6ff1b4a75920edb3cae5cfa\"},\"breadcrumb\":{\"@id\":\"https:\\\/\\\/www.idhc.org\\\/es\\\/noticias\\\/el-tribunal-europeo-de-derechos-humanos-niega-la-violacion-del-derecho-a-un-proceso-equitativo-por-parte-del-estado-espanol-en-el-caso-de-arribas-anton\\\/#breadcrumb\"},\"inLanguage\":\"es\",\"potentialAction\":[{\"@type\":\"ReadAction\",\"target\":[\"https:\\\/\\\/www.idhc.org\\\/es\\\/noticias\\\/el-tribunal-europeo-de-derechos-humanos-niega-la-violacion-del-derecho-a-un-proceso-equitativo-por-parte-del-estado-espanol-en-el-caso-de-arribas-anton\\\/\"]}]},{\"@type\":\"BreadcrumbList\",\"@id\":\"https:\\\/\\\/www.idhc.org\\\/es\\\/noticias\\\/el-tribunal-europeo-de-derechos-humanos-niega-la-violacion-del-derecho-a-un-proceso-equitativo-por-parte-del-estado-espanol-en-el-caso-de-arribas-anton\\\/#breadcrumb\",\"itemListElement\":[{\"@type\":\"ListItem\",\"position\":1,\"name\":\"Inici\",\"item\":\"https:\\\/\\\/www.idhc.org\\\/es\\\/\"},{\"@type\":\"ListItem\",\"position\":2,\"name\":\"El Tribunal Europeo de Derechos Humanos niega la violaci\u00f3n del derecho a un proceso equitativo por parte del Estado espa\u00f1ol, en el caso de Arribas Ant\u00f3n\"}]},{\"@type\":\"WebSite\",\"@id\":\"https:\\\/\\\/www.idhc.org\\\/es\\\/#website\",\"url\":\"https:\\\/\\\/www.idhc.org\\\/es\\\/\",\"name\":\"Institut de Drets Humans de Catalunya\",\"description\":\"\",\"alternateName\":\"IDHC\",\"potentialAction\":[{\"@type\":\"SearchAction\",\"target\":{\"@type\":\"EntryPoint\",\"urlTemplate\":\"https:\\\/\\\/www.idhc.org\\\/es\\\/?s={search_term_string}\"},\"query-input\":{\"@type\":\"PropertyValueSpecification\",\"valueRequired\":true,\"valueName\":\"search_term_string\"}}],\"inLanguage\":\"es\"},{\"@type\":\"Person\",\"@id\":\"https:\\\/\\\/www.idhc.org\\\/es\\\/#\\\/schema\\\/person\\\/6c5202caf6ff1b4a75920edb3cae5cfa\",\"name\":\"Ferran Sarri\u00f3 (Space Bits)\",\"image\":{\"@type\":\"ImageObject\",\"inLanguage\":\"es\",\"@id\":\"https:\\\/\\\/secure.gravatar.com\\\/avatar\\\/5969eb47d173b494f2b44e5c82814f24167f2a3ffd4d5772bef40681b2c82188?s=96&d=mm&r=g\",\"url\":\"https:\\\/\\\/secure.gravatar.com\\\/avatar\\\/5969eb47d173b494f2b44e5c82814f24167f2a3ffd4d5772bef40681b2c82188?s=96&d=mm&r=g\",\"contentUrl\":\"https:\\\/\\\/secure.gravatar.com\\\/avatar\\\/5969eb47d173b494f2b44e5c82814f24167f2a3ffd4d5772bef40681b2c82188?s=96&d=mm&r=g\",\"caption\":\"Ferran Sarri\u00f3 (Space Bits)\"},\"sameAs\":[\"https:\\\/\\\/www.spacebits.es\"]}]}<\/script>\n<!-- \/ Yoast SEO plugin. -->","yoast_head_json":{"title":"El Tribunal Europeo de Derechos Humanos niega la violaci\u00f3n del derecho a un proceso equitativo por parte del Estado espa\u00f1ol, en el caso de Arribas Ant\u00f3n - IDHC","robots":{"index":"index","follow":"follow","max-snippet":"max-snippet:-1","max-image-preview":"max-image-preview:large","max-video-preview":"max-video-preview:-1"},"canonical":"https:\/\/www.idhc.org\/es\/noticias\/el-tribunal-europeo-de-derechos-humanos-niega-la-violacion-del-derecho-a-un-proceso-equitativo-por-parte-del-estado-espanol-en-el-caso-de-arribas-anton\/","og_locale":"es_ES","og_type":"article","og_title":"El Tribunal Europeo de Derechos Humanos niega la violaci\u00f3n del derecho a un proceso equitativo por parte del Estado espa\u00f1ol, en el caso de Arribas Ant\u00f3n - IDHC","og_description":"El demandante, que se encontraba envuelto en un proceso judicial, hab&iacute;a agotado la v&iacute;a ordinaria y, debido a su inconformidad con el resultado obtenido, plante&oacute; recurso [\u2026]","og_url":"https:\/\/www.idhc.org\/es\/noticias\/el-tribunal-europeo-de-derechos-humanos-niega-la-violacion-del-derecho-a-un-proceso-equitativo-por-parte-del-estado-espanol-en-el-caso-de-arribas-anton\/","og_site_name":"IDHC","article_publisher":"https:\/\/www.facebook.com\/institut.drets.humans.catalunya","article_published_time":"2015-01-21T21:00:01+00:00","article_modified_time":"2024-07-02T08:54:41+00:00","og_image":[{"width":1200,"height":630,"url":"https:\/\/www.idhc.org\/wp-content\/uploads\/opengraph-card.jpg","type":"image\/jpeg"}],"author":"Ferran Sarri\u00f3 (Space Bits)","twitter_card":"summary_large_image","twitter_creator":"@institut_IDHC","twitter_site":"@institut_IDHC","twitter_misc":{"Escrito por":"Ferran Sarri\u00f3 (Space Bits)","Tiempo de lectura":"2 minutos"},"schema":{"@context":"https:\/\/schema.org","@graph":[{"@type":"Article","@id":"https:\/\/www.idhc.org\/es\/noticias\/el-tribunal-europeo-de-derechos-humanos-niega-la-violacion-del-derecho-a-un-proceso-equitativo-por-parte-del-estado-espanol-en-el-caso-de-arribas-anton\/#article","isPartOf":{"@id":"https:\/\/www.idhc.org\/es\/noticias\/el-tribunal-europeo-de-derechos-humanos-niega-la-violacion-del-derecho-a-un-proceso-equitativo-por-parte-del-estado-espanol-en-el-caso-de-arribas-anton\/"},"author":{"name":"Ferran Sarri\u00f3 (Space Bits)","@id":"https:\/\/www.idhc.org\/es\/#\/schema\/person\/6c5202caf6ff1b4a75920edb3cae5cfa"},"headline":"El Tribunal Europeo de Derechos Humanos niega la violaci\u00f3n del derecho a un proceso equitativo por parte del Estado espa\u00f1ol, en el caso de Arribas Ant\u00f3n","datePublished":"2015-01-21T21:00:01+00:00","dateModified":"2024-07-02T08:54:41+00:00","mainEntityOfPage":{"@id":"https:\/\/www.idhc.org\/es\/noticias\/el-tribunal-europeo-de-derechos-humanos-niega-la-violacion-del-derecho-a-un-proceso-equitativo-por-parte-del-estado-espanol-en-el-caso-de-arribas-anton\/"},"wordCount":334,"keywords":["TEDH","Convenio Europeo de Derechos Humanos","Sistema Europeo de Protecci\u00f3n de los DDHH","Derecho a la tutela judicial efectiva"],"inLanguage":"es"},{"@type":"WebPage","@id":"https:\/\/www.idhc.org\/es\/noticias\/el-tribunal-europeo-de-derechos-humanos-niega-la-violacion-del-derecho-a-un-proceso-equitativo-por-parte-del-estado-espanol-en-el-caso-de-arribas-anton\/","url":"https:\/\/www.idhc.org\/es\/noticias\/el-tribunal-europeo-de-derechos-humanos-niega-la-violacion-del-derecho-a-un-proceso-equitativo-por-parte-del-estado-espanol-en-el-caso-de-arribas-anton\/","name":"El Tribunal Europeo de Derechos Humanos niega la violaci\u00f3n del derecho a un proceso equitativo por parte del Estado espa\u00f1ol, en el caso de Arribas Ant\u00f3n - IDHC","isPartOf":{"@id":"https:\/\/www.idhc.org\/es\/#website"},"datePublished":"2015-01-21T21:00:01+00:00","dateModified":"2024-07-02T08:54:41+00:00","author":{"@id":"https:\/\/www.idhc.org\/es\/#\/schema\/person\/6c5202caf6ff1b4a75920edb3cae5cfa"},"breadcrumb":{"@id":"https:\/\/www.idhc.org\/es\/noticias\/el-tribunal-europeo-de-derechos-humanos-niega-la-violacion-del-derecho-a-un-proceso-equitativo-por-parte-del-estado-espanol-en-el-caso-de-arribas-anton\/#breadcrumb"},"inLanguage":"es","potentialAction":[{"@type":"ReadAction","target":["https:\/\/www.idhc.org\/es\/noticias\/el-tribunal-europeo-de-derechos-humanos-niega-la-violacion-del-derecho-a-un-proceso-equitativo-por-parte-del-estado-espanol-en-el-caso-de-arribas-anton\/"]}]},{"@type":"BreadcrumbList","@id":"https:\/\/www.idhc.org\/es\/noticias\/el-tribunal-europeo-de-derechos-humanos-niega-la-violacion-del-derecho-a-un-proceso-equitativo-por-parte-del-estado-espanol-en-el-caso-de-arribas-anton\/#breadcrumb","itemListElement":[{"@type":"ListItem","position":1,"name":"Inici","item":"https:\/\/www.idhc.org\/es\/"},{"@type":"ListItem","position":2,"name":"El Tribunal Europeo de Derechos Humanos niega la violaci\u00f3n del derecho a un proceso equitativo por parte del Estado espa\u00f1ol, en el caso de Arribas Ant\u00f3n"}]},{"@type":"WebSite","@id":"https:\/\/www.idhc.org\/es\/#website","url":"https:\/\/www.idhc.org\/es\/","name":"Institut de Drets Humans de Catalunya","description":"","alternateName":"IDHC","potentialAction":[{"@type":"SearchAction","target":{"@type":"EntryPoint","urlTemplate":"https:\/\/www.idhc.org\/es\/?s={search_term_string}"},"query-input":{"@type":"PropertyValueSpecification","valueRequired":true,"valueName":"search_term_string"}}],"inLanguage":"es"},{"@type":"Person","@id":"https:\/\/www.idhc.org\/es\/#\/schema\/person\/6c5202caf6ff1b4a75920edb3cae5cfa","name":"Ferran Sarri\u00f3 (Space Bits)","image":{"@type":"ImageObject","inLanguage":"es","@id":"https:\/\/secure.gravatar.com\/avatar\/5969eb47d173b494f2b44e5c82814f24167f2a3ffd4d5772bef40681b2c82188?s=96&d=mm&r=g","url":"https:\/\/secure.gravatar.com\/avatar\/5969eb47d173b494f2b44e5c82814f24167f2a3ffd4d5772bef40681b2c82188?s=96&d=mm&r=g","contentUrl":"https:\/\/secure.gravatar.com\/avatar\/5969eb47d173b494f2b44e5c82814f24167f2a3ffd4d5772bef40681b2c82188?s=96&d=mm&r=g","caption":"Ferran Sarri\u00f3 (Space Bits)"},"sameAs":["https:\/\/www.spacebits.es"]}]}},"_links":{"self":[{"href":"https:\/\/www.idhc.org\/es\/wp-json\/wp\/v2\/posts\/7885","targetHints":{"allow":["GET"]}}],"collection":[{"href":"https:\/\/www.idhc.org\/es\/wp-json\/wp\/v2\/posts"}],"about":[{"href":"https:\/\/www.idhc.org\/es\/wp-json\/wp\/v2\/types\/post"}],"author":[{"embeddable":true,"href":"https:\/\/www.idhc.org\/es\/wp-json\/wp\/v2\/users\/1"}],"replies":[{"embeddable":true,"href":"https:\/\/www.idhc.org\/es\/wp-json\/wp\/v2\/comments?post=7885"}],"version-history":[{"count":1,"href":"https:\/\/www.idhc.org\/es\/wp-json\/wp\/v2\/posts\/7885\/revisions"}],"predecessor-version":[{"id":11661,"href":"https:\/\/www.idhc.org\/es\/wp-json\/wp\/v2\/posts\/7885\/revisions\/11661"}],"wp:attachment":[{"href":"https:\/\/www.idhc.org\/es\/wp-json\/wp\/v2\/media?parent=7885"}],"wp:term":[{"taxonomy":"category","embeddable":true,"href":"https:\/\/www.idhc.org\/es\/wp-json\/wp\/v2\/categories?post=7885"},{"taxonomy":"post_tag","embeddable":true,"href":"https:\/\/www.idhc.org\/es\/wp-json\/wp\/v2\/tags?post=7885"}],"curies":[{"name":"wp","href":"https:\/\/api.w.org\/{rel}","templated":true}]}}