{"id":7930,"date":"2016-08-04T22:00:01","date_gmt":"2016-08-04T20:00:01","guid":{"rendered":"https:\/\/www.idhc.org\/2024\/05\/29\/declaracion-conjunta-sobre-el-estado-de-emergencia-en-turquia\/"},"modified":"2024-07-02T10:53:40","modified_gmt":"2024-07-02T08:53:40","slug":"declaracion-conjunta-sobre-el-estado-de-emergencia-en-turquia","status":"publish","type":"post","link":"https:\/\/www.idhc.org\/es\/noticias\/declaracion-conjunta-sobre-el-estado-de-emergencia-en-turquia\/","title":{"rendered":"Declaraci\u00f3n conjunta sobre el estado de emergencia en Turqu\u00eda"},"content":{"rendered":"<p>El intento de golpe de estado vivido en Turqu&iacute;a el pasado 15 de julio no debe servir de pretexto a las autoridades para debilitar la democracia, el estado de derecho y los derechos humanos, ni para reforzar el autoritarismo actual y debilitar a&uacute;n m&aacute;s la situaci&oacute;n de los migrantes en el territorio.<\/p>\n<p>La <a href=\"http:\/\/www.aedh.eu\/?lang=en\" target=\"_blank\" rel=\"noopener\">Asociaci&oacute;n Europea de Derechos Humanos<\/a> y la <a href=\"http:\/\/euromedrights.org\/\" target=\"_blank\" rel=\"noopener\">Red Euromediterr&aacute;nea de Derechos Humanos<\/a>, de las que forma parte el IDHC, junto a a la <a href=\"https:\/\/www.fidh.org\" target=\"_blank\" rel=\"noopener\">Federaci&oacute;n Internacional de Derechos Humanos<\/a>, la <a href=\"http:\/\/en.ihd.org.tr\/\" target=\"_blank\" rel=\"noopener\">Asociaci&oacute;n de Derechos Humanos de Turqu&iacute;a<\/a> y la <a href=\"http:\/\/tihv.org.tr\/\" target=\"_blank\" rel=\"noopener\">Fundaci&oacute;n de Derechos Humanos de Turqu&iacute;a<\/a> expresan su preocupacion en una declaraci&oacute;n conjunta publicada hoy y hacen un llamamiento a la comunidad internacional, particularmente a UE, a estar vigilantes e instar a Turqu&iacute;a a actuar de acuerdo a sus obligaciones internacionales en materia de derechos humanos. El inter&eacute;s geopol&iacute;tico no debe prevalecer sobre el respeto al estado de derecho y los derechos humanos.<\/p>\n<p>A continuaci&oacute;n reproducimos la declaraci&oacute;n completa en ingl&eacute;s<\/p>\n<p>&nbsp;<\/p>\n<div>\n<hr \/>\n<h2><strong>JOINT DECLARATION ON THE STATE OF EMERGENCY IN TURKEY<\/strong><\/h2>\n<p><em>Brussels, Paris, Ankara 5\/8\/2016-<\/em> EuroMed Rights, AEDH, FIDH, IHD and HRFT express deep worries over the state of emergency declared in Turkey for a period of three months following the July 15 coup d&rsquo;&eacute;tat attempt in which hundreds of civilians, soldiers and police officers lost their lives. The state of emergency allows the president and the Council of Ministers to rule by decree, therefore bypassing the parliament and undermining democratic standards. It also &quot;partially or entirely&quot; suspends the exercise of human rights and fundamental freedoms, including Turkey&rsquo;s obligations under the European Convention on Human Rights.<\/p>\n<p>Our organisations jointly reaffirm that stability can only be restored by upholding human rights and the rule of law. The Turkish government should strictly respect the principles of legality, necessity and proportionality. It should abide by its international human rights commitments at all times. The discussion over the reintroduction of the death penalty for alleged coup plotters and the project to amend the constitution are another source of concern for the future of human rights in Turkey. According to international human rights law, security measures can be taken in a situation of crisis, though only as a continuation of the rule of law.<\/p>\n<p>The perpetrators must be brought to justice following an independent, impartial, thorough and prompt investigation. The prosecution should comply with international fair trial standards and the presumption of innocence must be respected. Persons for whom there is no evidence of wrongdoing should not be victim of baseless investigations and restrictive measures. Our organisations are concerned about the violent and indiscriminate reaction by the State. This has targeted on the one hand the military and the judiciary, with the hasty arrest of several thousands of people allegedly involved in the coup, and on the other hand journalists, lawyers, NGOs and other critical voices, including a blanket ban on travel for academics.<\/p>\n<p>So far, around 50,000 public officers have been suspended from their offices and numerous private schools, foundations and universities were taken over by the government. Similarly, tens of associations and media outlets were closed down.&nbsp; All persons arrested must be granted their rights enshrined in international law and Turkish authorities should be held accountable for their safety and protection. Investigations must be conducted in a manner that respects the rule of law. Critical voices must retain the right to expression in public spaces.<\/p>\n<p>This attempt comes in a context of serious violations of human rights and the rule of law by the authorities in Turkey: restrictions to the right to freedom of expression and media freedom, stripping of immunity and threats of prosecution of the parliamentary opposition, criminalisation of dissent, plans to concentrate the power in the hands of the president, willingness to turn religion as a weapon of government and implementation of a violent repression in the south-east.<\/p>\n<p>The coup attempt ought to be condemned, but it should not serve as a pretext for the Turkish authorities to weaken democracy, the rule of law and human rights, to strengthen the current authoritarianism and to further weaken the situation of migrants on its territory.<\/p>\n<div>\n<p>We call on the international community, in particular the EU, to remain vigilant and urge Turkey to act in compliance with its international human rights obligations. Geopolitical interest should not prevail over the respect for the rule of law and human rights.<\/p>\n<p><em>Signatory organisations<\/em><\/p>\n<p><em>EuroMed Rights<\/em><\/p>\n<p><em>AEDH-<\/em> <em>European Association for the Defence of Human Rights<\/em><\/p>\n<p><em>FIHD &#8211; F&eacute;d&eacute;ration Internationale des Ligues des Droits de l&#39;Homme<\/em><\/p>\n<p><em>IHD-<\/em> <em>Human Rights Association &ndash; Turkey<\/em><\/p>\n<p><em>HRFT-<\/em> <em>Human Rights Foundation of Turkey<\/em><\/p>\n<\/div>\n<p>&nbsp;<\/p>\n<div style=\"background:#eee; border:1px solid #ccc; padding:5px 10px\"><strong>Press contact:<\/strong><\/div>\n<div style=\"background:#eee; border:1px solid #ccc; padding:5px 10px\">AEDH&nbsp;: Dominique Guibert, President, <a href=\"mailto:info@aedh.eu\">info@aedh.eu<\/a>;<\/div>\n<div style=\"background:#eee; border:1px solid #ccc; padding:5px 10px\">EuroMed Rights: Hayet Zeghiche, Communication Director, <a href=\"mailto:hze@euromedrights.net\">hze@euromedrights.net<\/a>, + 32 4 88 08 00 41;<\/div>\n<div style=\"background:#eee; border:1px solid #ccc; padding:5px 10px\">FIDH: Arthur Manet, Director, Press Relations, <a href=\"mailto:press@fidh.org\">press@fidh.org<\/a>, + 33 6 72 28 42 94;<\/div>\n<div style=\"background:#eee; border:1px solid #ccc; padding:5px 10px\">HRFT: Dr Metin Bakkalc\u0131, General Secretary, <a href=\"mailto:tihv@tihv.org.tr\">tihv@tihv.org.tr<\/a>;<\/div>\n<div style=\"background:#eee; border:1px solid #ccc; padding:5px 10px\">IHD: Osman Isci, Executive Committee Member, <a href=\"mailto:ihd@ihd.org.tr\">ihd@ihd.org.tr<\/a>, + 90 312 230 35 67.<\/div>\n<\/div>\n","protected":false},"excerpt":{"rendered":"<p>El intento de golpe de estado vivido en Turqu&iacute;a el pasado 15 de julio no debe servir de pretexto a las autoridades para debilitar la democracia,<span class=\"excerpt-hellip\"> [\u2026]<\/span><\/p>\n","protected":false},"author":1,"featured_media":0,"comment_status":"closed","ping_status":"closed","sticky":false,"template":"","format":"standard","meta":{"_acf_changed":false,"footnotes":""},"categories":[],"tags":[552,582,101,163,442,518,522],"class_list":["post-7930","post","type-post","status-publish","format-standard","hentry","tag-pena-de-muerte","tag-privacion-de-libertad","tag-democracia","tag-ue","tag-convenio-europeo-de-derechos-humanos","tag-consejo-de-europa","tag-derecho-a-la-presuncion-de-inocencia"],"acf":[],"yoast_head":"<!-- This site is optimized with the Yoast SEO plugin v27.3 - https:\/\/yoast.com\/product\/yoast-seo-wordpress\/ -->\n<title>Declaraci\u00f3n conjunta sobre el estado de emergencia en Turqu\u00eda - IDHC<\/title>\n<meta name=\"robots\" content=\"index, follow, max-snippet:-1, max-image-preview:large, max-video-preview:-1\" \/>\n<link rel=\"canonical\" href=\"https:\/\/www.idhc.org\/es\/noticias\/declaracion-conjunta-sobre-el-estado-de-emergencia-en-turquia\/\" \/>\n<meta property=\"og:locale\" content=\"es_ES\" \/>\n<meta property=\"og:type\" content=\"article\" \/>\n<meta property=\"og:title\" content=\"Declaraci\u00f3n conjunta sobre el estado de emergencia en Turqu\u00eda - IDHC\" \/>\n<meta property=\"og:description\" content=\"El intento de golpe de estado vivido en Turqu&iacute;a el pasado 15 de julio no debe servir de pretexto a las autoridades para debilitar la democracia, [\u2026]\" \/>\n<meta property=\"og:url\" content=\"https:\/\/www.idhc.org\/es\/noticias\/declaracion-conjunta-sobre-el-estado-de-emergencia-en-turquia\/\" \/>\n<meta property=\"og:site_name\" content=\"IDHC\" \/>\n<meta property=\"article:publisher\" content=\"https:\/\/www.facebook.com\/institut.drets.humans.catalunya\" \/>\n<meta property=\"article:published_time\" content=\"2016-08-04T20:00:01+00:00\" \/>\n<meta property=\"article:modified_time\" content=\"2024-07-02T08:53:40+00:00\" \/>\n<meta property=\"og:image\" content=\"https:\/\/www.idhc.org\/wp-content\/uploads\/opengraph-card.jpg\" \/>\n\t<meta property=\"og:image:width\" content=\"1200\" \/>\n\t<meta property=\"og:image:height\" content=\"630\" \/>\n\t<meta property=\"og:image:type\" content=\"image\/jpeg\" \/>\n<meta name=\"author\" content=\"Ferran Sarri\u00f3 (Space Bits)\" \/>\n<meta name=\"twitter:card\" content=\"summary_large_image\" \/>\n<meta name=\"twitter:creator\" content=\"@institut_IDHC\" \/>\n<meta name=\"twitter:site\" content=\"@institut_IDHC\" \/>\n<meta name=\"twitter:label1\" content=\"Escrito por\" \/>\n\t<meta name=\"twitter:data1\" content=\"Ferran Sarri\u00f3 (Space Bits)\" \/>\n\t<meta name=\"twitter:label2\" content=\"Tiempo de lectura\" \/>\n\t<meta name=\"twitter:data2\" content=\"4 minutos\" \/>\n<script type=\"application\/ld+json\" class=\"yoast-schema-graph\">{\"@context\":\"https:\\\/\\\/schema.org\",\"@graph\":[{\"@type\":\"Article\",\"@id\":\"https:\\\/\\\/www.idhc.org\\\/es\\\/noticias\\\/declaracion-conjunta-sobre-el-estado-de-emergencia-en-turquia\\\/#article\",\"isPartOf\":{\"@id\":\"https:\\\/\\\/www.idhc.org\\\/es\\\/noticias\\\/declaracion-conjunta-sobre-el-estado-de-emergencia-en-turquia\\\/\"},\"author\":{\"name\":\"Ferran Sarri\u00f3 (Space Bits)\",\"@id\":\"https:\\\/\\\/www.idhc.org\\\/es\\\/#\\\/schema\\\/person\\\/6c5202caf6ff1b4a75920edb3cae5cfa\"},\"headline\":\"Declaraci\u00f3n conjunta sobre el estado de emergencia en Turqu\u00eda\",\"datePublished\":\"2016-08-04T20:00:01+00:00\",\"dateModified\":\"2024-07-02T08:53:40+00:00\",\"mainEntityOfPage\":{\"@id\":\"https:\\\/\\\/www.idhc.org\\\/es\\\/noticias\\\/declaracion-conjunta-sobre-el-estado-de-emergencia-en-turquia\\\/\"},\"wordCount\":866,\"keywords\":[\"Pena de muerte\",\"Privaci\u00f3n de libertad\",\"Democr\u00e0cia\",\"UE\",\"Convenio Europeo de Derechos Humanos\",\"Consejo de Europa\",\"Derecho a la presunci\u00f3n de inocencia\"],\"inLanguage\":\"es\"},{\"@type\":\"WebPage\",\"@id\":\"https:\\\/\\\/www.idhc.org\\\/es\\\/noticias\\\/declaracion-conjunta-sobre-el-estado-de-emergencia-en-turquia\\\/\",\"url\":\"https:\\\/\\\/www.idhc.org\\\/es\\\/noticias\\\/declaracion-conjunta-sobre-el-estado-de-emergencia-en-turquia\\\/\",\"name\":\"Declaraci\u00f3n conjunta sobre el estado de emergencia en Turqu\u00eda - IDHC\",\"isPartOf\":{\"@id\":\"https:\\\/\\\/www.idhc.org\\\/es\\\/#website\"},\"datePublished\":\"2016-08-04T20:00:01+00:00\",\"dateModified\":\"2024-07-02T08:53:40+00:00\",\"author\":{\"@id\":\"https:\\\/\\\/www.idhc.org\\\/es\\\/#\\\/schema\\\/person\\\/6c5202caf6ff1b4a75920edb3cae5cfa\"},\"breadcrumb\":{\"@id\":\"https:\\\/\\\/www.idhc.org\\\/es\\\/noticias\\\/declaracion-conjunta-sobre-el-estado-de-emergencia-en-turquia\\\/#breadcrumb\"},\"inLanguage\":\"es\",\"potentialAction\":[{\"@type\":\"ReadAction\",\"target\":[\"https:\\\/\\\/www.idhc.org\\\/es\\\/noticias\\\/declaracion-conjunta-sobre-el-estado-de-emergencia-en-turquia\\\/\"]}]},{\"@type\":\"BreadcrumbList\",\"@id\":\"https:\\\/\\\/www.idhc.org\\\/es\\\/noticias\\\/declaracion-conjunta-sobre-el-estado-de-emergencia-en-turquia\\\/#breadcrumb\",\"itemListElement\":[{\"@type\":\"ListItem\",\"position\":1,\"name\":\"Inici\",\"item\":\"https:\\\/\\\/www.idhc.org\\\/es\\\/\"},{\"@type\":\"ListItem\",\"position\":2,\"name\":\"Declaraci\u00f3n conjunta sobre el estado de emergencia en Turqu\u00eda\"}]},{\"@type\":\"WebSite\",\"@id\":\"https:\\\/\\\/www.idhc.org\\\/es\\\/#website\",\"url\":\"https:\\\/\\\/www.idhc.org\\\/es\\\/\",\"name\":\"Institut de Drets Humans de Catalunya\",\"description\":\"\",\"alternateName\":\"IDHC\",\"potentialAction\":[{\"@type\":\"SearchAction\",\"target\":{\"@type\":\"EntryPoint\",\"urlTemplate\":\"https:\\\/\\\/www.idhc.org\\\/es\\\/?s={search_term_string}\"},\"query-input\":{\"@type\":\"PropertyValueSpecification\",\"valueRequired\":true,\"valueName\":\"search_term_string\"}}],\"inLanguage\":\"es\"},{\"@type\":\"Person\",\"@id\":\"https:\\\/\\\/www.idhc.org\\\/es\\\/#\\\/schema\\\/person\\\/6c5202caf6ff1b4a75920edb3cae5cfa\",\"name\":\"Ferran Sarri\u00f3 (Space Bits)\",\"image\":{\"@type\":\"ImageObject\",\"inLanguage\":\"es\",\"@id\":\"https:\\\/\\\/secure.gravatar.com\\\/avatar\\\/5969eb47d173b494f2b44e5c82814f24167f2a3ffd4d5772bef40681b2c82188?s=96&d=mm&r=g\",\"url\":\"https:\\\/\\\/secure.gravatar.com\\\/avatar\\\/5969eb47d173b494f2b44e5c82814f24167f2a3ffd4d5772bef40681b2c82188?s=96&d=mm&r=g\",\"contentUrl\":\"https:\\\/\\\/secure.gravatar.com\\\/avatar\\\/5969eb47d173b494f2b44e5c82814f24167f2a3ffd4d5772bef40681b2c82188?s=96&d=mm&r=g\",\"caption\":\"Ferran Sarri\u00f3 (Space Bits)\"},\"sameAs\":[\"https:\\\/\\\/www.spacebits.es\"]}]}<\/script>\n<!-- \/ Yoast SEO plugin. -->","yoast_head_json":{"title":"Declaraci\u00f3n conjunta sobre el estado de emergencia en Turqu\u00eda - IDHC","robots":{"index":"index","follow":"follow","max-snippet":"max-snippet:-1","max-image-preview":"max-image-preview:large","max-video-preview":"max-video-preview:-1"},"canonical":"https:\/\/www.idhc.org\/es\/noticias\/declaracion-conjunta-sobre-el-estado-de-emergencia-en-turquia\/","og_locale":"es_ES","og_type":"article","og_title":"Declaraci\u00f3n conjunta sobre el estado de emergencia en Turqu\u00eda - IDHC","og_description":"El intento de golpe de estado vivido en Turqu&iacute;a el pasado 15 de julio no debe servir de pretexto a las autoridades para debilitar la democracia, [\u2026]","og_url":"https:\/\/www.idhc.org\/es\/noticias\/declaracion-conjunta-sobre-el-estado-de-emergencia-en-turquia\/","og_site_name":"IDHC","article_publisher":"https:\/\/www.facebook.com\/institut.drets.humans.catalunya","article_published_time":"2016-08-04T20:00:01+00:00","article_modified_time":"2024-07-02T08:53:40+00:00","og_image":[{"width":1200,"height":630,"url":"https:\/\/www.idhc.org\/wp-content\/uploads\/opengraph-card.jpg","type":"image\/jpeg"}],"author":"Ferran Sarri\u00f3 (Space Bits)","twitter_card":"summary_large_image","twitter_creator":"@institut_IDHC","twitter_site":"@institut_IDHC","twitter_misc":{"Escrito por":"Ferran Sarri\u00f3 (Space Bits)","Tiempo de lectura":"4 minutos"},"schema":{"@context":"https:\/\/schema.org","@graph":[{"@type":"Article","@id":"https:\/\/www.idhc.org\/es\/noticias\/declaracion-conjunta-sobre-el-estado-de-emergencia-en-turquia\/#article","isPartOf":{"@id":"https:\/\/www.idhc.org\/es\/noticias\/declaracion-conjunta-sobre-el-estado-de-emergencia-en-turquia\/"},"author":{"name":"Ferran Sarri\u00f3 (Space Bits)","@id":"https:\/\/www.idhc.org\/es\/#\/schema\/person\/6c5202caf6ff1b4a75920edb3cae5cfa"},"headline":"Declaraci\u00f3n conjunta sobre el estado de emergencia en Turqu\u00eda","datePublished":"2016-08-04T20:00:01+00:00","dateModified":"2024-07-02T08:53:40+00:00","mainEntityOfPage":{"@id":"https:\/\/www.idhc.org\/es\/noticias\/declaracion-conjunta-sobre-el-estado-de-emergencia-en-turquia\/"},"wordCount":866,"keywords":["Pena de muerte","Privaci\u00f3n de libertad","Democr\u00e0cia","UE","Convenio Europeo de Derechos Humanos","Consejo de Europa","Derecho a la presunci\u00f3n de inocencia"],"inLanguage":"es"},{"@type":"WebPage","@id":"https:\/\/www.idhc.org\/es\/noticias\/declaracion-conjunta-sobre-el-estado-de-emergencia-en-turquia\/","url":"https:\/\/www.idhc.org\/es\/noticias\/declaracion-conjunta-sobre-el-estado-de-emergencia-en-turquia\/","name":"Declaraci\u00f3n conjunta sobre el estado de emergencia en Turqu\u00eda - IDHC","isPartOf":{"@id":"https:\/\/www.idhc.org\/es\/#website"},"datePublished":"2016-08-04T20:00:01+00:00","dateModified":"2024-07-02T08:53:40+00:00","author":{"@id":"https:\/\/www.idhc.org\/es\/#\/schema\/person\/6c5202caf6ff1b4a75920edb3cae5cfa"},"breadcrumb":{"@id":"https:\/\/www.idhc.org\/es\/noticias\/declaracion-conjunta-sobre-el-estado-de-emergencia-en-turquia\/#breadcrumb"},"inLanguage":"es","potentialAction":[{"@type":"ReadAction","target":["https:\/\/www.idhc.org\/es\/noticias\/declaracion-conjunta-sobre-el-estado-de-emergencia-en-turquia\/"]}]},{"@type":"BreadcrumbList","@id":"https:\/\/www.idhc.org\/es\/noticias\/declaracion-conjunta-sobre-el-estado-de-emergencia-en-turquia\/#breadcrumb","itemListElement":[{"@type":"ListItem","position":1,"name":"Inici","item":"https:\/\/www.idhc.org\/es\/"},{"@type":"ListItem","position":2,"name":"Declaraci\u00f3n conjunta sobre el estado de emergencia en Turqu\u00eda"}]},{"@type":"WebSite","@id":"https:\/\/www.idhc.org\/es\/#website","url":"https:\/\/www.idhc.org\/es\/","name":"Institut de Drets Humans de Catalunya","description":"","alternateName":"IDHC","potentialAction":[{"@type":"SearchAction","target":{"@type":"EntryPoint","urlTemplate":"https:\/\/www.idhc.org\/es\/?s={search_term_string}"},"query-input":{"@type":"PropertyValueSpecification","valueRequired":true,"valueName":"search_term_string"}}],"inLanguage":"es"},{"@type":"Person","@id":"https:\/\/www.idhc.org\/es\/#\/schema\/person\/6c5202caf6ff1b4a75920edb3cae5cfa","name":"Ferran Sarri\u00f3 (Space Bits)","image":{"@type":"ImageObject","inLanguage":"es","@id":"https:\/\/secure.gravatar.com\/avatar\/5969eb47d173b494f2b44e5c82814f24167f2a3ffd4d5772bef40681b2c82188?s=96&d=mm&r=g","url":"https:\/\/secure.gravatar.com\/avatar\/5969eb47d173b494f2b44e5c82814f24167f2a3ffd4d5772bef40681b2c82188?s=96&d=mm&r=g","contentUrl":"https:\/\/secure.gravatar.com\/avatar\/5969eb47d173b494f2b44e5c82814f24167f2a3ffd4d5772bef40681b2c82188?s=96&d=mm&r=g","caption":"Ferran Sarri\u00f3 (Space Bits)"},"sameAs":["https:\/\/www.spacebits.es"]}]}},"_links":{"self":[{"href":"https:\/\/www.idhc.org\/es\/wp-json\/wp\/v2\/posts\/7930","targetHints":{"allow":["GET"]}}],"collection":[{"href":"https:\/\/www.idhc.org\/es\/wp-json\/wp\/v2\/posts"}],"about":[{"href":"https:\/\/www.idhc.org\/es\/wp-json\/wp\/v2\/types\/post"}],"author":[{"embeddable":true,"href":"https:\/\/www.idhc.org\/es\/wp-json\/wp\/v2\/users\/1"}],"replies":[{"embeddable":true,"href":"https:\/\/www.idhc.org\/es\/wp-json\/wp\/v2\/comments?post=7930"}],"version-history":[{"count":1,"href":"https:\/\/www.idhc.org\/es\/wp-json\/wp\/v2\/posts\/7930\/revisions"}],"predecessor-version":[{"id":7980,"href":"https:\/\/www.idhc.org\/es\/wp-json\/wp\/v2\/posts\/7930\/revisions\/7980"}],"wp:attachment":[{"href":"https:\/\/www.idhc.org\/es\/wp-json\/wp\/v2\/media?parent=7930"}],"wp:term":[{"taxonomy":"category","embeddable":true,"href":"https:\/\/www.idhc.org\/es\/wp-json\/wp\/v2\/categories?post=7930"},{"taxonomy":"post_tag","embeddable":true,"href":"https:\/\/www.idhc.org\/es\/wp-json\/wp\/v2\/tags?post=7930"}],"curies":[{"name":"wp","href":"https:\/\/api.w.org\/{rel}","templated":true}]}}