{"id":8066,"date":"2018-09-12T22:00:01","date_gmt":"2018-09-12T20:00:01","guid":{"rendered":"https:\/\/www.idhc.org\/2024\/05\/29\/el-idhc-y-el-colectivo-orlando-fals-borda-se-reunen-con-el-grupo-de-trabajo-sobre-desapariciones-forzadas-de-naciones-unidas-para-tratar-la-situacion-en-colombia\/"},"modified":"2024-07-02T10:53:02","modified_gmt":"2024-07-02T08:53:02","slug":"el-idhc-y-el-colectivo-orlando-fals-borda-se-reunen-con-el-grupo-de-trabajo-sobre-desapariciones-forzadas-de-naciones-unidas-para-tratar-la-situacion-en-colombia","status":"publish","type":"post","link":"https:\/\/www.idhc.org\/es\/noticias\/el-idhc-y-el-colectivo-orlando-fals-borda-se-reunen-con-el-grupo-de-trabajo-sobre-desapariciones-forzadas-de-naciones-unidas-para-tratar-la-situacion-en-colombia\/","title":{"rendered":"El IDHC y el Colectivo Orlando Fals Borda se re\u00fanen con el Grupo de Trabajo sobre Desapariciones Forzadas de Naciones Unidas para tratar la situaci\u00f3n en Colombia"},"content":{"rendered":"<p>Una delegaci&oacute;n formada por miembros del Institut de Drets Humans de Catalunya, del Colectivo Orlando Fals Borda y Zenaida Rubio, madre de un joven desparecido en el marco del conflicto colombiano hace m&aacute;s de una d&eacute;cada, se ha reunido con integrantes del Grupo de Trabajo sobre Desapariciones Forzadas o Involuntarias de Naciones Unidas. El encuentro tuvo lugar el pasado 12 de septiembre, en el marco del 116&ordm; periodo de sesiones que este mecanismo celebra en el la sede de Naciones Unidas en Ginebra.<\/p>\n<p>Durante la reuni&oacute;n se inform&oacute; al Grupo de Trabajo de las dificultades en la implementaci&oacute;n de las medidas recogidas en los Acuerdos de Paz para garantizar el derecho a la justicia, la verdad y la reparaci&oacute;n de las v&iacute;ctimas de desapariciones forzadas. Seg&uacute;n algunas estimaciones se cifran en m&aacute;s de 80.000 durante los a&ntilde;os de conflicto.&nbsp;<\/p>\n<p>El IDHC y el COFB colaboran en el empoderamiento de las v&iacute;ctimas y exigencia de sus derechos internacionalmente reconocidos a partir del acompa&ntilde;amiento y del estudio de la legislaci&oacute;n vigente. Este trabajo ha permitido identificar diferentes obst&aacute;culos, tres de los cuales se han transmitido al Grupo de Trabajo:<\/p>\n<p><strong>Los impedimentos para la puesta en marcha de la Unidad de B&uacute;squeda de Personas dadas por Desaparecidas en el contexto y en raz&oacute;n del conflicto armado en Colombia.<\/strong> La UBPD es el &oacute;rgano encargado de la b&uacute;squeda, identificaci&oacute;n y entrega de las personas desparecidas. Entr&oacute; en funciones formalmente el pasado 15 de julio pero enfrenta ya dos grandes obst&aacute;culos. Por una parte, se mantienen dudas respecto al marco jur&iacute;dico que regula su funcionamiento al no publicarse la sentencia de la Corte Constitucional colombiana que analiz&oacute; su Decreto de creaci&oacute;n. Por otra parte, s&oacute;lo se ha aprobado aproximadamente el 30% de los recursos requeridos para garantizar su correcta puesta en marcha.<\/p>\n<p><strong>Los problemas que ha identificado el Colectivo OFB a partir del acompa&ntilde;amiento integral a las familias que buscan a sus seres queridos en cementerios.<\/strong> En este punto se puso &eacute;nfasis en la necesidad de que el Estado colombiano cumpla con los compromisos derivados de las normas internacionales sobre desaparici&oacute;n forzada frente a los 26.395 cuerpos que se encuentran sin identificar en algunos cementerios, en la mayor&iacute;a de casos, v&iacute;ctimas de desapariciones forzadas y\/o de ejecuciones extrajudiciales por parte de la Fuerza P&uacute;blica.<\/p>\n<p><strong>Los problemas pasados y presentes que enfrentan las v&iacute;ctimas de desaparici&oacute;n forzada en Colombia relatados por Zenaida Rubio.<\/strong> Su testimonio se centr&oacute; en los obst&aacute;culos institucionales y en la dificultad de acceso a las propias instituciones debido a las caracter&iacute;sticas geogr&aacute;ficas de Colombia y a la falta de informaci&oacute;n sobre los organismos creados por el Acuerdo de Paz.<\/p>\n<p>Los integrantes del Grupo de Trabajo expresaron inter&eacute;s en dar seguimiento a la puesta en marcha de la Unidad de B&uacute;squeda, en particular a su coordinaci&oacute;n con otras instituciones, a su financiaci&oacute;n y a la definici&oacute;n de mecanismos para la participaci&oacute;n de las v&iacute;ctimas en la b&uacute;squeda, identificaci&oacute;n y entrega digna. As&iacute; como en la necesidad de que el Estado colombiano dise&ntilde;e y adopte una pol&iacute;tica p&uacute;blica para la gesti&oacute;n integral de cementerios, con la participaci&oacute;n de la Unidad, la Fiscal&iacute;a General de la Naci&oacute;n, el Instituto Nacional de Medicina Legal, otras instituciones y las v&iacute;ctimas.<\/p>\n<div style=\"background:#eee;border:1px solid #ccc;padding:5px 10px;\">Esta reuni&oacute;n y otras desarrolladas en Ginebra con organizaciones y mecanismos de derechos humanos son parte del proceso de incidencia internacional de los proyectos <em>Exigiendo los derechos de las v&iacute;ctimas de desaparici&oacute;n forzada en Colombia desde la solidaridad y la incidencia itnernacional, en el marco de la implementaci&oacute;n de los Acuerdos de Paz<\/em> (financiado por el Ayuntamiento de Barcelona) y<em> Colombia: Empoderando a v&iacute;ctimas de desapariciones forzadas para la exigibilidad nacional e internacional de sus derechos a la justicia, la verdad y la reparaci&oacute;n <\/em>(financiado por la Agencia Catalana de Cooperaci&oacute;n para el Desarrollo).<\/div>\n","protected":false},"excerpt":{"rendered":"<p>Una delegaci&oacute;n formada por miembros del Institut de Drets Humans de Catalunya, del Colectivo Orlando Fals Borda y Zenaida Rubio, madre de un joven desparecido en<span class=\"excerpt-hellip\"> [\u2026]<\/span><\/p>\n","protected":false},"author":1,"featured_media":7125,"comment_status":"closed","ping_status":"closed","sticky":false,"template":"","format":"standard","meta":{"_acf_changed":false,"footnotes":""},"categories":[],"tags":[94,95,139,499],"class_list":["post-8066","post","type-post","status-publish","format-standard","has-post-thumbnail","hentry","tag-memoria-historica","tag-justicia-transicional","tag-colombia","tag-desapariciones-forzadas"],"acf":[],"yoast_head":"<!-- This site is optimized with the Yoast SEO plugin v27.3 - https:\/\/yoast.com\/product\/yoast-seo-wordpress\/ -->\n<title>El IDHC y el Colectivo Orlando Fals Borda se re\u00fanen con el Grupo de Trabajo sobre Desapariciones Forzadas de Naciones Unidas para tratar la situaci\u00f3n en Colombia - IDHC<\/title>\n<meta name=\"robots\" content=\"index, follow, max-snippet:-1, max-image-preview:large, max-video-preview:-1\" \/>\n<link rel=\"canonical\" href=\"https:\/\/www.idhc.org\/es\/noticias\/el-idhc-y-el-colectivo-orlando-fals-borda-se-reunen-con-el-grupo-de-trabajo-sobre-desapariciones-forzadas-de-naciones-unidas-para-tratar-la-situacion-en-colombia\/\" \/>\n<meta property=\"og:locale\" content=\"es_ES\" \/>\n<meta property=\"og:type\" content=\"article\" \/>\n<meta property=\"og:title\" content=\"El IDHC y el Colectivo Orlando Fals Borda se re\u00fanen con el Grupo de Trabajo sobre Desapariciones Forzadas de Naciones Unidas para tratar la situaci\u00f3n en Colombia - IDHC\" \/>\n<meta property=\"og:description\" content=\"Una delegaci&oacute;n formada por miembros del Institut de Drets Humans de Catalunya, del Colectivo Orlando Fals Borda y Zenaida Rubio, madre de un joven desparecido en [\u2026]\" \/>\n<meta property=\"og:url\" content=\"https:\/\/www.idhc.org\/es\/noticias\/el-idhc-y-el-colectivo-orlando-fals-borda-se-reunen-con-el-grupo-de-trabajo-sobre-desapariciones-forzadas-de-naciones-unidas-para-tratar-la-situacion-en-colombia\/\" \/>\n<meta property=\"og:site_name\" content=\"IDHC\" \/>\n<meta property=\"article:publisher\" content=\"https:\/\/www.facebook.com\/institut.drets.humans.catalunya\" \/>\n<meta property=\"article:published_time\" content=\"2018-09-12T20:00:01+00:00\" \/>\n<meta property=\"article:modified_time\" content=\"2024-07-02T08:53:02+00:00\" \/>\n<meta property=\"og:image\" content=\"https:\/\/www.idhc.org\/wp-content\/uploads\/KPjdFXd-.jpg\" \/>\n\t<meta property=\"og:image:width\" content=\"1024\" \/>\n\t<meta property=\"og:image:height\" content=\"768\" \/>\n\t<meta property=\"og:image:type\" content=\"image\/jpeg\" \/>\n<meta name=\"author\" content=\"Ferran Sarri\u00f3 (Space Bits)\" \/>\n<meta name=\"twitter:card\" content=\"summary_large_image\" \/>\n<meta name=\"twitter:creator\" content=\"@institut_IDHC\" \/>\n<meta name=\"twitter:site\" content=\"@institut_IDHC\" \/>\n<meta name=\"twitter:label1\" content=\"Escrito por\" \/>\n\t<meta name=\"twitter:data1\" content=\"Ferran Sarri\u00f3 (Space Bits)\" \/>\n\t<meta name=\"twitter:label2\" content=\"Tiempo de lectura\" \/>\n\t<meta name=\"twitter:data2\" content=\"4 minutos\" \/>\n<script type=\"application\/ld+json\" class=\"yoast-schema-graph\">{\"@context\":\"https:\\\/\\\/schema.org\",\"@graph\":[{\"@type\":\"Article\",\"@id\":\"https:\\\/\\\/www.idhc.org\\\/es\\\/noticias\\\/el-idhc-y-el-colectivo-orlando-fals-borda-se-reunen-con-el-grupo-de-trabajo-sobre-desapariciones-forzadas-de-naciones-unidas-para-tratar-la-situacion-en-colombia\\\/#article\",\"isPartOf\":{\"@id\":\"https:\\\/\\\/www.idhc.org\\\/es\\\/noticias\\\/el-idhc-y-el-colectivo-orlando-fals-borda-se-reunen-con-el-grupo-de-trabajo-sobre-desapariciones-forzadas-de-naciones-unidas-para-tratar-la-situacion-en-colombia\\\/\"},\"author\":{\"name\":\"Ferran Sarri\u00f3 (Space Bits)\",\"@id\":\"https:\\\/\\\/www.idhc.org\\\/es\\\/#\\\/schema\\\/person\\\/6c5202caf6ff1b4a75920edb3cae5cfa\"},\"headline\":\"El IDHC y el Colectivo Orlando Fals Borda se re\u00fanen con el Grupo de Trabajo sobre Desapariciones Forzadas de Naciones Unidas para tratar la situaci\u00f3n en Colombia\",\"datePublished\":\"2018-09-12T20:00:01+00:00\",\"dateModified\":\"2024-07-02T08:53:02+00:00\",\"mainEntityOfPage\":{\"@id\":\"https:\\\/\\\/www.idhc.org\\\/es\\\/noticias\\\/el-idhc-y-el-colectivo-orlando-fals-borda-se-reunen-con-el-grupo-de-trabajo-sobre-desapariciones-forzadas-de-naciones-unidas-para-tratar-la-situacion-en-colombia\\\/\"},\"wordCount\":774,\"image\":{\"@id\":\"https:\\\/\\\/www.idhc.org\\\/es\\\/noticias\\\/el-idhc-y-el-colectivo-orlando-fals-borda-se-reunen-con-el-grupo-de-trabajo-sobre-desapariciones-forzadas-de-naciones-unidas-para-tratar-la-situacion-en-colombia\\\/#primaryimage\"},\"thumbnailUrl\":\"https:\\\/\\\/www.idhc.org\\\/wp-content\\\/uploads\\\/KPjdFXd-.jpg\",\"keywords\":[\"Mem\u00f2ria hist\u00f2rica\",\"Just\u00edcia transicional\",\"Col\u00f2mbia\",\"Desapariciones forzadas\"],\"inLanguage\":\"es\"},{\"@type\":\"WebPage\",\"@id\":\"https:\\\/\\\/www.idhc.org\\\/es\\\/noticias\\\/el-idhc-y-el-colectivo-orlando-fals-borda-se-reunen-con-el-grupo-de-trabajo-sobre-desapariciones-forzadas-de-naciones-unidas-para-tratar-la-situacion-en-colombia\\\/\",\"url\":\"https:\\\/\\\/www.idhc.org\\\/es\\\/noticias\\\/el-idhc-y-el-colectivo-orlando-fals-borda-se-reunen-con-el-grupo-de-trabajo-sobre-desapariciones-forzadas-de-naciones-unidas-para-tratar-la-situacion-en-colombia\\\/\",\"name\":\"El IDHC y el Colectivo Orlando Fals Borda se re\u00fanen con el Grupo de Trabajo sobre Desapariciones Forzadas de Naciones Unidas para tratar la situaci\u00f3n en Colombia - IDHC\",\"isPartOf\":{\"@id\":\"https:\\\/\\\/www.idhc.org\\\/es\\\/#website\"},\"primaryImageOfPage\":{\"@id\":\"https:\\\/\\\/www.idhc.org\\\/es\\\/noticias\\\/el-idhc-y-el-colectivo-orlando-fals-borda-se-reunen-con-el-grupo-de-trabajo-sobre-desapariciones-forzadas-de-naciones-unidas-para-tratar-la-situacion-en-colombia\\\/#primaryimage\"},\"image\":{\"@id\":\"https:\\\/\\\/www.idhc.org\\\/es\\\/noticias\\\/el-idhc-y-el-colectivo-orlando-fals-borda-se-reunen-con-el-grupo-de-trabajo-sobre-desapariciones-forzadas-de-naciones-unidas-para-tratar-la-situacion-en-colombia\\\/#primaryimage\"},\"thumbnailUrl\":\"https:\\\/\\\/www.idhc.org\\\/wp-content\\\/uploads\\\/KPjdFXd-.jpg\",\"datePublished\":\"2018-09-12T20:00:01+00:00\",\"dateModified\":\"2024-07-02T08:53:02+00:00\",\"author\":{\"@id\":\"https:\\\/\\\/www.idhc.org\\\/es\\\/#\\\/schema\\\/person\\\/6c5202caf6ff1b4a75920edb3cae5cfa\"},\"breadcrumb\":{\"@id\":\"https:\\\/\\\/www.idhc.org\\\/es\\\/noticias\\\/el-idhc-y-el-colectivo-orlando-fals-borda-se-reunen-con-el-grupo-de-trabajo-sobre-desapariciones-forzadas-de-naciones-unidas-para-tratar-la-situacion-en-colombia\\\/#breadcrumb\"},\"inLanguage\":\"es\",\"potentialAction\":[{\"@type\":\"ReadAction\",\"target\":[\"https:\\\/\\\/www.idhc.org\\\/es\\\/noticias\\\/el-idhc-y-el-colectivo-orlando-fals-borda-se-reunen-con-el-grupo-de-trabajo-sobre-desapariciones-forzadas-de-naciones-unidas-para-tratar-la-situacion-en-colombia\\\/\"]}]},{\"@type\":\"ImageObject\",\"inLanguage\":\"es\",\"@id\":\"https:\\\/\\\/www.idhc.org\\\/es\\\/noticias\\\/el-idhc-y-el-colectivo-orlando-fals-borda-se-reunen-con-el-grupo-de-trabajo-sobre-desapariciones-forzadas-de-naciones-unidas-para-tratar-la-situacion-en-colombia\\\/#primaryimage\",\"url\":\"https:\\\/\\\/www.idhc.org\\\/wp-content\\\/uploads\\\/KPjdFXd-.jpg\",\"contentUrl\":\"https:\\\/\\\/www.idhc.org\\\/wp-content\\\/uploads\\\/KPjdFXd-.jpg\",\"width\":1024,\"height\":768},{\"@type\":\"BreadcrumbList\",\"@id\":\"https:\\\/\\\/www.idhc.org\\\/es\\\/noticias\\\/el-idhc-y-el-colectivo-orlando-fals-borda-se-reunen-con-el-grupo-de-trabajo-sobre-desapariciones-forzadas-de-naciones-unidas-para-tratar-la-situacion-en-colombia\\\/#breadcrumb\",\"itemListElement\":[{\"@type\":\"ListItem\",\"position\":1,\"name\":\"Inici\",\"item\":\"https:\\\/\\\/www.idhc.org\\\/es\\\/\"},{\"@type\":\"ListItem\",\"position\":2,\"name\":\"El IDHC y el Colectivo Orlando Fals Borda se re\u00fanen con el Grupo de Trabajo sobre Desapariciones Forzadas de Naciones Unidas para tratar la situaci\u00f3n en Colombia\"}]},{\"@type\":\"WebSite\",\"@id\":\"https:\\\/\\\/www.idhc.org\\\/es\\\/#website\",\"url\":\"https:\\\/\\\/www.idhc.org\\\/es\\\/\",\"name\":\"Institut de Drets Humans de Catalunya\",\"description\":\"\",\"alternateName\":\"IDHC\",\"potentialAction\":[{\"@type\":\"SearchAction\",\"target\":{\"@type\":\"EntryPoint\",\"urlTemplate\":\"https:\\\/\\\/www.idhc.org\\\/es\\\/?s={search_term_string}\"},\"query-input\":{\"@type\":\"PropertyValueSpecification\",\"valueRequired\":true,\"valueName\":\"search_term_string\"}}],\"inLanguage\":\"es\"},{\"@type\":\"Person\",\"@id\":\"https:\\\/\\\/www.idhc.org\\\/es\\\/#\\\/schema\\\/person\\\/6c5202caf6ff1b4a75920edb3cae5cfa\",\"name\":\"Ferran Sarri\u00f3 (Space Bits)\",\"image\":{\"@type\":\"ImageObject\",\"inLanguage\":\"es\",\"@id\":\"https:\\\/\\\/secure.gravatar.com\\\/avatar\\\/5969eb47d173b494f2b44e5c82814f24167f2a3ffd4d5772bef40681b2c82188?s=96&d=mm&r=g\",\"url\":\"https:\\\/\\\/secure.gravatar.com\\\/avatar\\\/5969eb47d173b494f2b44e5c82814f24167f2a3ffd4d5772bef40681b2c82188?s=96&d=mm&r=g\",\"contentUrl\":\"https:\\\/\\\/secure.gravatar.com\\\/avatar\\\/5969eb47d173b494f2b44e5c82814f24167f2a3ffd4d5772bef40681b2c82188?s=96&d=mm&r=g\",\"caption\":\"Ferran Sarri\u00f3 (Space Bits)\"},\"sameAs\":[\"https:\\\/\\\/www.spacebits.es\"]}]}<\/script>\n<!-- \/ Yoast SEO plugin. -->","yoast_head_json":{"title":"El IDHC y el Colectivo Orlando Fals Borda se re\u00fanen con el Grupo de Trabajo sobre Desapariciones Forzadas de Naciones Unidas para tratar la situaci\u00f3n en Colombia - IDHC","robots":{"index":"index","follow":"follow","max-snippet":"max-snippet:-1","max-image-preview":"max-image-preview:large","max-video-preview":"max-video-preview:-1"},"canonical":"https:\/\/www.idhc.org\/es\/noticias\/el-idhc-y-el-colectivo-orlando-fals-borda-se-reunen-con-el-grupo-de-trabajo-sobre-desapariciones-forzadas-de-naciones-unidas-para-tratar-la-situacion-en-colombia\/","og_locale":"es_ES","og_type":"article","og_title":"El IDHC y el Colectivo Orlando Fals Borda se re\u00fanen con el Grupo de Trabajo sobre Desapariciones Forzadas de Naciones Unidas para tratar la situaci\u00f3n en Colombia - IDHC","og_description":"Una delegaci&oacute;n formada por miembros del Institut de Drets Humans de Catalunya, del Colectivo Orlando Fals Borda y Zenaida Rubio, madre de un joven desparecido en [\u2026]","og_url":"https:\/\/www.idhc.org\/es\/noticias\/el-idhc-y-el-colectivo-orlando-fals-borda-se-reunen-con-el-grupo-de-trabajo-sobre-desapariciones-forzadas-de-naciones-unidas-para-tratar-la-situacion-en-colombia\/","og_site_name":"IDHC","article_publisher":"https:\/\/www.facebook.com\/institut.drets.humans.catalunya","article_published_time":"2018-09-12T20:00:01+00:00","article_modified_time":"2024-07-02T08:53:02+00:00","og_image":[{"width":1024,"height":768,"url":"https:\/\/www.idhc.org\/wp-content\/uploads\/KPjdFXd-.jpg","type":"image\/jpeg"}],"author":"Ferran Sarri\u00f3 (Space Bits)","twitter_card":"summary_large_image","twitter_creator":"@institut_IDHC","twitter_site":"@institut_IDHC","twitter_misc":{"Escrito por":"Ferran Sarri\u00f3 (Space Bits)","Tiempo de lectura":"4 minutos"},"schema":{"@context":"https:\/\/schema.org","@graph":[{"@type":"Article","@id":"https:\/\/www.idhc.org\/es\/noticias\/el-idhc-y-el-colectivo-orlando-fals-borda-se-reunen-con-el-grupo-de-trabajo-sobre-desapariciones-forzadas-de-naciones-unidas-para-tratar-la-situacion-en-colombia\/#article","isPartOf":{"@id":"https:\/\/www.idhc.org\/es\/noticias\/el-idhc-y-el-colectivo-orlando-fals-borda-se-reunen-con-el-grupo-de-trabajo-sobre-desapariciones-forzadas-de-naciones-unidas-para-tratar-la-situacion-en-colombia\/"},"author":{"name":"Ferran Sarri\u00f3 (Space Bits)","@id":"https:\/\/www.idhc.org\/es\/#\/schema\/person\/6c5202caf6ff1b4a75920edb3cae5cfa"},"headline":"El IDHC y el Colectivo Orlando Fals Borda se re\u00fanen con el Grupo de Trabajo sobre Desapariciones Forzadas de Naciones Unidas para tratar la situaci\u00f3n en Colombia","datePublished":"2018-09-12T20:00:01+00:00","dateModified":"2024-07-02T08:53:02+00:00","mainEntityOfPage":{"@id":"https:\/\/www.idhc.org\/es\/noticias\/el-idhc-y-el-colectivo-orlando-fals-borda-se-reunen-con-el-grupo-de-trabajo-sobre-desapariciones-forzadas-de-naciones-unidas-para-tratar-la-situacion-en-colombia\/"},"wordCount":774,"image":{"@id":"https:\/\/www.idhc.org\/es\/noticias\/el-idhc-y-el-colectivo-orlando-fals-borda-se-reunen-con-el-grupo-de-trabajo-sobre-desapariciones-forzadas-de-naciones-unidas-para-tratar-la-situacion-en-colombia\/#primaryimage"},"thumbnailUrl":"https:\/\/www.idhc.org\/wp-content\/uploads\/KPjdFXd-.jpg","keywords":["Mem\u00f2ria hist\u00f2rica","Just\u00edcia transicional","Col\u00f2mbia","Desapariciones forzadas"],"inLanguage":"es"},{"@type":"WebPage","@id":"https:\/\/www.idhc.org\/es\/noticias\/el-idhc-y-el-colectivo-orlando-fals-borda-se-reunen-con-el-grupo-de-trabajo-sobre-desapariciones-forzadas-de-naciones-unidas-para-tratar-la-situacion-en-colombia\/","url":"https:\/\/www.idhc.org\/es\/noticias\/el-idhc-y-el-colectivo-orlando-fals-borda-se-reunen-con-el-grupo-de-trabajo-sobre-desapariciones-forzadas-de-naciones-unidas-para-tratar-la-situacion-en-colombia\/","name":"El IDHC y el Colectivo Orlando Fals Borda se re\u00fanen con el Grupo de Trabajo sobre Desapariciones Forzadas de Naciones Unidas para tratar la situaci\u00f3n en Colombia - IDHC","isPartOf":{"@id":"https:\/\/www.idhc.org\/es\/#website"},"primaryImageOfPage":{"@id":"https:\/\/www.idhc.org\/es\/noticias\/el-idhc-y-el-colectivo-orlando-fals-borda-se-reunen-con-el-grupo-de-trabajo-sobre-desapariciones-forzadas-de-naciones-unidas-para-tratar-la-situacion-en-colombia\/#primaryimage"},"image":{"@id":"https:\/\/www.idhc.org\/es\/noticias\/el-idhc-y-el-colectivo-orlando-fals-borda-se-reunen-con-el-grupo-de-trabajo-sobre-desapariciones-forzadas-de-naciones-unidas-para-tratar-la-situacion-en-colombia\/#primaryimage"},"thumbnailUrl":"https:\/\/www.idhc.org\/wp-content\/uploads\/KPjdFXd-.jpg","datePublished":"2018-09-12T20:00:01+00:00","dateModified":"2024-07-02T08:53:02+00:00","author":{"@id":"https:\/\/www.idhc.org\/es\/#\/schema\/person\/6c5202caf6ff1b4a75920edb3cae5cfa"},"breadcrumb":{"@id":"https:\/\/www.idhc.org\/es\/noticias\/el-idhc-y-el-colectivo-orlando-fals-borda-se-reunen-con-el-grupo-de-trabajo-sobre-desapariciones-forzadas-de-naciones-unidas-para-tratar-la-situacion-en-colombia\/#breadcrumb"},"inLanguage":"es","potentialAction":[{"@type":"ReadAction","target":["https:\/\/www.idhc.org\/es\/noticias\/el-idhc-y-el-colectivo-orlando-fals-borda-se-reunen-con-el-grupo-de-trabajo-sobre-desapariciones-forzadas-de-naciones-unidas-para-tratar-la-situacion-en-colombia\/"]}]},{"@type":"ImageObject","inLanguage":"es","@id":"https:\/\/www.idhc.org\/es\/noticias\/el-idhc-y-el-colectivo-orlando-fals-borda-se-reunen-con-el-grupo-de-trabajo-sobre-desapariciones-forzadas-de-naciones-unidas-para-tratar-la-situacion-en-colombia\/#primaryimage","url":"https:\/\/www.idhc.org\/wp-content\/uploads\/KPjdFXd-.jpg","contentUrl":"https:\/\/www.idhc.org\/wp-content\/uploads\/KPjdFXd-.jpg","width":1024,"height":768},{"@type":"BreadcrumbList","@id":"https:\/\/www.idhc.org\/es\/noticias\/el-idhc-y-el-colectivo-orlando-fals-borda-se-reunen-con-el-grupo-de-trabajo-sobre-desapariciones-forzadas-de-naciones-unidas-para-tratar-la-situacion-en-colombia\/#breadcrumb","itemListElement":[{"@type":"ListItem","position":1,"name":"Inici","item":"https:\/\/www.idhc.org\/es\/"},{"@type":"ListItem","position":2,"name":"El IDHC y el Colectivo Orlando Fals Borda se re\u00fanen con el Grupo de Trabajo sobre Desapariciones Forzadas de Naciones Unidas para tratar la situaci\u00f3n en Colombia"}]},{"@type":"WebSite","@id":"https:\/\/www.idhc.org\/es\/#website","url":"https:\/\/www.idhc.org\/es\/","name":"Institut de Drets Humans de Catalunya","description":"","alternateName":"IDHC","potentialAction":[{"@type":"SearchAction","target":{"@type":"EntryPoint","urlTemplate":"https:\/\/www.idhc.org\/es\/?s={search_term_string}"},"query-input":{"@type":"PropertyValueSpecification","valueRequired":true,"valueName":"search_term_string"}}],"inLanguage":"es"},{"@type":"Person","@id":"https:\/\/www.idhc.org\/es\/#\/schema\/person\/6c5202caf6ff1b4a75920edb3cae5cfa","name":"Ferran Sarri\u00f3 (Space Bits)","image":{"@type":"ImageObject","inLanguage":"es","@id":"https:\/\/secure.gravatar.com\/avatar\/5969eb47d173b494f2b44e5c82814f24167f2a3ffd4d5772bef40681b2c82188?s=96&d=mm&r=g","url":"https:\/\/secure.gravatar.com\/avatar\/5969eb47d173b494f2b44e5c82814f24167f2a3ffd4d5772bef40681b2c82188?s=96&d=mm&r=g","contentUrl":"https:\/\/secure.gravatar.com\/avatar\/5969eb47d173b494f2b44e5c82814f24167f2a3ffd4d5772bef40681b2c82188?s=96&d=mm&r=g","caption":"Ferran Sarri\u00f3 (Space Bits)"},"sameAs":["https:\/\/www.spacebits.es"]}]}},"_links":{"self":[{"href":"https:\/\/www.idhc.org\/es\/wp-json\/wp\/v2\/posts\/8066","targetHints":{"allow":["GET"]}}],"collection":[{"href":"https:\/\/www.idhc.org\/es\/wp-json\/wp\/v2\/posts"}],"about":[{"href":"https:\/\/www.idhc.org\/es\/wp-json\/wp\/v2\/types\/post"}],"author":[{"embeddable":true,"href":"https:\/\/www.idhc.org\/es\/wp-json\/wp\/v2\/users\/1"}],"replies":[{"embeddable":true,"href":"https:\/\/www.idhc.org\/es\/wp-json\/wp\/v2\/comments?post=8066"}],"version-history":[{"count":1,"href":"https:\/\/www.idhc.org\/es\/wp-json\/wp\/v2\/posts\/8066\/revisions"}],"predecessor-version":[{"id":11581,"href":"https:\/\/www.idhc.org\/es\/wp-json\/wp\/v2\/posts\/8066\/revisions\/11581"}],"wp:featuredmedia":[{"embeddable":true,"href":"https:\/\/www.idhc.org\/es\/wp-json\/wp\/v2\/media\/7125"}],"wp:attachment":[{"href":"https:\/\/www.idhc.org\/es\/wp-json\/wp\/v2\/media?parent=8066"}],"wp:term":[{"taxonomy":"category","embeddable":true,"href":"https:\/\/www.idhc.org\/es\/wp-json\/wp\/v2\/categories?post=8066"},{"taxonomy":"post_tag","embeddable":true,"href":"https:\/\/www.idhc.org\/es\/wp-json\/wp\/v2\/tags?post=8066"}],"curies":[{"name":"wp","href":"https:\/\/api.w.org\/{rel}","templated":true}]}}