{"id":8132,"date":"2022-05-10T22:00:01","date_gmt":"2022-05-10T20:00:01","guid":{"rendered":"https:\/\/www.idhc.org\/2024\/05\/29\/proximo-informe-de-naciones-unidas-sobre-el-impacto-del-cambio-climatico-en-el-goce-pleno-y-efectivo-de-los-derechos-humanos-de-las-personas-en-situacion-de-vulnerabilidad\/"},"modified":"2024-07-02T10:52:06","modified_gmt":"2024-07-02T08:52:06","slug":"proximo-informe-de-naciones-unidas-sobre-el-impacto-del-cambio-climatico-en-el-goce-pleno-y-efectivo-de-los-derechos-humanos-de-las-personas-en-situacion-de-vulnerabilidad","status":"publish","type":"post","link":"https:\/\/www.idhc.org\/es\/noticias\/proximo-informe-de-naciones-unidas-sobre-el-impacto-del-cambio-climatico-en-el-goce-pleno-y-efectivo-de-los-derechos-humanos-de-las-personas-en-situacion-de-vulnerabilidad\/","title":{"rendered":"Pr\u00f3ximo informe de Naciones Unidas sobre el Impacto del cambio clim\u00e1tico en el goce pleno y efectivo de los derechos humanos de las personas en situaci\u00f3n de vulnerabilidad."},"content":{"rendered":"<p>En el 50 per&iacute;odo de sesiones del Consejo de Derechos Humanos, que se celebrar&aacute; del 13 de junio al 8 de julio de este a&ntilde;o, el Alto Comisionado presentar&aacute; un informe sobre los efectos adversos del cambio clim&aacute;tico en el disfrute pleno y efectivo de los derechos humanos de las personas en situaciones de vulnerabilidad.<\/p>\n<p>El informe fue solicitado por el Consejo de Derechos Humanos, en julio de 2021, en su <a href=\"https:\/\/documents-dds-ny.un.org\/doc\/UNDOC\/GEN\/G21\/199\/72\/PDF\/G2119972.pdf?OpenElement\" target=\"_blank\" rel=\"noopener\">Resoluci&oacute;n A\/HRC\/RES\/47\/24 sobre derechos humanos y cambio clim&aacute;tico<\/a>, en la que se convoc&oacute; tambi&eacute;n a los Estados a que elaboren, refuercen y apliquen pol&iacute;ticas para proteger los derechos de las personas en situaci&oacute;n de vulnerabilidad en respuesta al cambio clim&aacute;tico, a trav&eacute;s de la inclusi&oacute;n de sus derechos, riesgos espec&iacute;ficos, necesidades y capacidades en los planes de acci&oacute;n sobre el clima y otras pol&iacute;ticas o leyes pertinentes.<\/p>\n<p>Para la realizaci&oacute;n del informe, el Alto Comisionado de las Naciones Unidas sobre los Derechos Humanos solicit&oacute; informaci&oacute;n a los Estados Miembros, otros organismos de ONU, instituciones de derechos humanos y organizaciones de la sociedad civil. Las aportaciones realizadas se encuentran publicadas en la <a href=\"https:\/\/www.ohchr.org\/en\/climate-change\/impact-climate-change-rights-people-vulnerable-situations\" target=\"_blank\" rel=\"noopener\">web del Alto Comisionado sobre cambio clim&aacute;tico.&nbsp;<\/a><\/p>\n<p>El IDHC particip&oacute; en el proceso de consultas, enviando una <a href=\"https:\/\/www.ohchr.org\/sites\/default\/files\/2022-03\/institut-drets-humans-catalunya.pdf\" target=\"_blank\" rel=\"noopener\">contribuci&oacute;n <\/a>en la que se recoge&nbsp; informaci&oacute;n acerca de la afectaci&oacute;n del cambio clim&aacute;tico a las personas en situaciones vulnerables, tanto en el Estado espa&ntilde;ol, como espec&iacute;ficamente en Catalunya. Adem&aacute;s, se brindan ejemplos de mecanismos y herramientas para monitorear los impactos del cambio clim&aacute;tico en los derechos humanos, as&iacute; como de buenas pr&aacute;cticas en la promoci&oacute;n, protecci&oacute;n y cumplimiento de los derechos humanos.<\/p>\n","protected":false},"excerpt":{"rendered":"<p>En el 50 per&iacute;odo de sesiones del Consejo de Derechos Humanos, que se celebrar&aacute; del 13 de junio al 8 de julio de este a&ntilde;o, el<span class=\"excerpt-hellip\"> [\u2026]<\/span><\/p>\n","protected":false},"author":1,"featured_media":0,"comment_status":"closed","ping_status":"closed","sticky":false,"template":"","format":"standard","meta":{"_acf_changed":false,"footnotes":""},"categories":[],"tags":[576,588,607,652,683],"class_list":["post-8132","post","type-post","status-publish","format-standard","hentry","tag-derecho-a-la-igualdad","tag-derecho-al-medioambiente","tag-cambio-climatico","tag-interseccionalidad","tag-dret-al-medi-ambient-es"],"acf":[],"yoast_head":"<!-- This site is optimized with the Yoast SEO plugin v27.3 - https:\/\/yoast.com\/product\/yoast-seo-wordpress\/ -->\n<title>Pr\u00f3ximo informe de Naciones Unidas sobre el Impacto del cambio clim\u00e1tico en el goce pleno y efectivo de los derechos humanos de las personas en situaci\u00f3n de vulnerabilidad. - IDHC<\/title>\n<meta name=\"robots\" content=\"index, follow, max-snippet:-1, max-image-preview:large, max-video-preview:-1\" \/>\n<link rel=\"canonical\" href=\"https:\/\/www.idhc.org\/es\/noticias\/proximo-informe-de-naciones-unidas-sobre-el-impacto-del-cambio-climatico-en-el-goce-pleno-y-efectivo-de-los-derechos-humanos-de-las-personas-en-situacion-de-vulnerabilidad\/\" \/>\n<meta property=\"og:locale\" content=\"es_ES\" \/>\n<meta property=\"og:type\" content=\"article\" \/>\n<meta property=\"og:title\" content=\"Pr\u00f3ximo informe de Naciones Unidas sobre el Impacto del cambio clim\u00e1tico en el goce pleno y efectivo de los derechos humanos de las personas en situaci\u00f3n de vulnerabilidad. - IDHC\" \/>\n<meta property=\"og:description\" content=\"En el 50 per&iacute;odo de sesiones del Consejo de Derechos Humanos, que se celebrar&aacute; del 13 de junio al 8 de julio de este a&ntilde;o, el [\u2026]\" \/>\n<meta property=\"og:url\" content=\"https:\/\/www.idhc.org\/es\/noticias\/proximo-informe-de-naciones-unidas-sobre-el-impacto-del-cambio-climatico-en-el-goce-pleno-y-efectivo-de-los-derechos-humanos-de-las-personas-en-situacion-de-vulnerabilidad\/\" \/>\n<meta property=\"og:site_name\" content=\"IDHC\" \/>\n<meta property=\"article:publisher\" content=\"https:\/\/www.facebook.com\/institut.drets.humans.catalunya\" \/>\n<meta property=\"article:published_time\" content=\"2022-05-10T20:00:01+00:00\" \/>\n<meta property=\"article:modified_time\" content=\"2024-07-02T08:52:06+00:00\" \/>\n<meta property=\"og:image\" content=\"https:\/\/www.idhc.org\/wp-content\/uploads\/opengraph-card.jpg\" \/>\n\t<meta property=\"og:image:width\" content=\"1200\" \/>\n\t<meta property=\"og:image:height\" content=\"630\" \/>\n\t<meta property=\"og:image:type\" content=\"image\/jpeg\" \/>\n<meta name=\"author\" content=\"Ferran Sarri\u00f3 (Space Bits)\" \/>\n<meta name=\"twitter:card\" content=\"summary_large_image\" \/>\n<meta name=\"twitter:creator\" content=\"@institut_IDHC\" \/>\n<meta name=\"twitter:site\" content=\"@institut_IDHC\" \/>\n<meta name=\"twitter:label1\" content=\"Escrito por\" \/>\n\t<meta name=\"twitter:data1\" content=\"Ferran Sarri\u00f3 (Space Bits)\" \/>\n\t<meta name=\"twitter:label2\" content=\"Tiempo de lectura\" \/>\n\t<meta name=\"twitter:data2\" content=\"2 minutos\" \/>\n<script type=\"application\/ld+json\" class=\"yoast-schema-graph\">{\"@context\":\"https:\\\/\\\/schema.org\",\"@graph\":[{\"@type\":\"Article\",\"@id\":\"https:\\\/\\\/www.idhc.org\\\/es\\\/noticias\\\/proximo-informe-de-naciones-unidas-sobre-el-impacto-del-cambio-climatico-en-el-goce-pleno-y-efectivo-de-los-derechos-humanos-de-las-personas-en-situacion-de-vulnerabilidad\\\/#article\",\"isPartOf\":{\"@id\":\"https:\\\/\\\/www.idhc.org\\\/es\\\/noticias\\\/proximo-informe-de-naciones-unidas-sobre-el-impacto-del-cambio-climatico-en-el-goce-pleno-y-efectivo-de-los-derechos-humanos-de-las-personas-en-situacion-de-vulnerabilidad\\\/\"},\"author\":{\"name\":\"Ferran Sarri\u00f3 (Space Bits)\",\"@id\":\"https:\\\/\\\/www.idhc.org\\\/es\\\/#\\\/schema\\\/person\\\/6c5202caf6ff1b4a75920edb3cae5cfa\"},\"headline\":\"Pr\u00f3ximo informe de Naciones Unidas sobre el Impacto del cambio clim\u00e1tico en el goce pleno y efectivo de los derechos humanos de las personas en situaci\u00f3n de vulnerabilidad.\",\"datePublished\":\"2022-05-10T20:00:01+00:00\",\"dateModified\":\"2024-07-02T08:52:06+00:00\",\"mainEntityOfPage\":{\"@id\":\"https:\\\/\\\/www.idhc.org\\\/es\\\/noticias\\\/proximo-informe-de-naciones-unidas-sobre-el-impacto-del-cambio-climatico-en-el-goce-pleno-y-efectivo-de-los-derechos-humanos-de-las-personas-en-situacion-de-vulnerabilidad\\\/\"},\"wordCount\":355,\"keywords\":[\"Derecho a la igualdad\",\"Derecho al medioambiente\",\"Cambio clim\u00e1tico\",\"Interseccionalidad\",\"Dret al medi ambient\"],\"inLanguage\":\"es\"},{\"@type\":\"WebPage\",\"@id\":\"https:\\\/\\\/www.idhc.org\\\/es\\\/noticias\\\/proximo-informe-de-naciones-unidas-sobre-el-impacto-del-cambio-climatico-en-el-goce-pleno-y-efectivo-de-los-derechos-humanos-de-las-personas-en-situacion-de-vulnerabilidad\\\/\",\"url\":\"https:\\\/\\\/www.idhc.org\\\/es\\\/noticias\\\/proximo-informe-de-naciones-unidas-sobre-el-impacto-del-cambio-climatico-en-el-goce-pleno-y-efectivo-de-los-derechos-humanos-de-las-personas-en-situacion-de-vulnerabilidad\\\/\",\"name\":\"Pr\u00f3ximo informe de Naciones Unidas sobre el Impacto del cambio clim\u00e1tico en el goce pleno y efectivo de los derechos humanos de las personas en situaci\u00f3n de vulnerabilidad. - IDHC\",\"isPartOf\":{\"@id\":\"https:\\\/\\\/www.idhc.org\\\/es\\\/#website\"},\"datePublished\":\"2022-05-10T20:00:01+00:00\",\"dateModified\":\"2024-07-02T08:52:06+00:00\",\"author\":{\"@id\":\"https:\\\/\\\/www.idhc.org\\\/es\\\/#\\\/schema\\\/person\\\/6c5202caf6ff1b4a75920edb3cae5cfa\"},\"breadcrumb\":{\"@id\":\"https:\\\/\\\/www.idhc.org\\\/es\\\/noticias\\\/proximo-informe-de-naciones-unidas-sobre-el-impacto-del-cambio-climatico-en-el-goce-pleno-y-efectivo-de-los-derechos-humanos-de-las-personas-en-situacion-de-vulnerabilidad\\\/#breadcrumb\"},\"inLanguage\":\"es\",\"potentialAction\":[{\"@type\":\"ReadAction\",\"target\":[\"https:\\\/\\\/www.idhc.org\\\/es\\\/noticias\\\/proximo-informe-de-naciones-unidas-sobre-el-impacto-del-cambio-climatico-en-el-goce-pleno-y-efectivo-de-los-derechos-humanos-de-las-personas-en-situacion-de-vulnerabilidad\\\/\"]}]},{\"@type\":\"BreadcrumbList\",\"@id\":\"https:\\\/\\\/www.idhc.org\\\/es\\\/noticias\\\/proximo-informe-de-naciones-unidas-sobre-el-impacto-del-cambio-climatico-en-el-goce-pleno-y-efectivo-de-los-derechos-humanos-de-las-personas-en-situacion-de-vulnerabilidad\\\/#breadcrumb\",\"itemListElement\":[{\"@type\":\"ListItem\",\"position\":1,\"name\":\"Inici\",\"item\":\"https:\\\/\\\/www.idhc.org\\\/es\\\/\"},{\"@type\":\"ListItem\",\"position\":2,\"name\":\"Pr\u00f3ximo informe de Naciones Unidas sobre el Impacto del cambio clim\u00e1tico en el goce pleno y efectivo de los derechos humanos de las personas en situaci\u00f3n de vulnerabilidad.\"}]},{\"@type\":\"WebSite\",\"@id\":\"https:\\\/\\\/www.idhc.org\\\/es\\\/#website\",\"url\":\"https:\\\/\\\/www.idhc.org\\\/es\\\/\",\"name\":\"Institut de Drets Humans de Catalunya\",\"description\":\"\",\"alternateName\":\"IDHC\",\"potentialAction\":[{\"@type\":\"SearchAction\",\"target\":{\"@type\":\"EntryPoint\",\"urlTemplate\":\"https:\\\/\\\/www.idhc.org\\\/es\\\/?s={search_term_string}\"},\"query-input\":{\"@type\":\"PropertyValueSpecification\",\"valueRequired\":true,\"valueName\":\"search_term_string\"}}],\"inLanguage\":\"es\"},{\"@type\":\"Person\",\"@id\":\"https:\\\/\\\/www.idhc.org\\\/es\\\/#\\\/schema\\\/person\\\/6c5202caf6ff1b4a75920edb3cae5cfa\",\"name\":\"Ferran Sarri\u00f3 (Space Bits)\",\"image\":{\"@type\":\"ImageObject\",\"inLanguage\":\"es\",\"@id\":\"https:\\\/\\\/secure.gravatar.com\\\/avatar\\\/5969eb47d173b494f2b44e5c82814f24167f2a3ffd4d5772bef40681b2c82188?s=96&d=mm&r=g\",\"url\":\"https:\\\/\\\/secure.gravatar.com\\\/avatar\\\/5969eb47d173b494f2b44e5c82814f24167f2a3ffd4d5772bef40681b2c82188?s=96&d=mm&r=g\",\"contentUrl\":\"https:\\\/\\\/secure.gravatar.com\\\/avatar\\\/5969eb47d173b494f2b44e5c82814f24167f2a3ffd4d5772bef40681b2c82188?s=96&d=mm&r=g\",\"caption\":\"Ferran Sarri\u00f3 (Space Bits)\"},\"sameAs\":[\"https:\\\/\\\/www.spacebits.es\"]}]}<\/script>\n<!-- \/ Yoast SEO plugin. -->","yoast_head_json":{"title":"Pr\u00f3ximo informe de Naciones Unidas sobre el Impacto del cambio clim\u00e1tico en el goce pleno y efectivo de los derechos humanos de las personas en situaci\u00f3n de vulnerabilidad. - IDHC","robots":{"index":"index","follow":"follow","max-snippet":"max-snippet:-1","max-image-preview":"max-image-preview:large","max-video-preview":"max-video-preview:-1"},"canonical":"https:\/\/www.idhc.org\/es\/noticias\/proximo-informe-de-naciones-unidas-sobre-el-impacto-del-cambio-climatico-en-el-goce-pleno-y-efectivo-de-los-derechos-humanos-de-las-personas-en-situacion-de-vulnerabilidad\/","og_locale":"es_ES","og_type":"article","og_title":"Pr\u00f3ximo informe de Naciones Unidas sobre el Impacto del cambio clim\u00e1tico en el goce pleno y efectivo de los derechos humanos de las personas en situaci\u00f3n de vulnerabilidad. - IDHC","og_description":"En el 50 per&iacute;odo de sesiones del Consejo de Derechos Humanos, que se celebrar&aacute; del 13 de junio al 8 de julio de este a&ntilde;o, el [\u2026]","og_url":"https:\/\/www.idhc.org\/es\/noticias\/proximo-informe-de-naciones-unidas-sobre-el-impacto-del-cambio-climatico-en-el-goce-pleno-y-efectivo-de-los-derechos-humanos-de-las-personas-en-situacion-de-vulnerabilidad\/","og_site_name":"IDHC","article_publisher":"https:\/\/www.facebook.com\/institut.drets.humans.catalunya","article_published_time":"2022-05-10T20:00:01+00:00","article_modified_time":"2024-07-02T08:52:06+00:00","og_image":[{"width":1200,"height":630,"url":"https:\/\/www.idhc.org\/wp-content\/uploads\/opengraph-card.jpg","type":"image\/jpeg"}],"author":"Ferran Sarri\u00f3 (Space Bits)","twitter_card":"summary_large_image","twitter_creator":"@institut_IDHC","twitter_site":"@institut_IDHC","twitter_misc":{"Escrito por":"Ferran Sarri\u00f3 (Space Bits)","Tiempo de lectura":"2 minutos"},"schema":{"@context":"https:\/\/schema.org","@graph":[{"@type":"Article","@id":"https:\/\/www.idhc.org\/es\/noticias\/proximo-informe-de-naciones-unidas-sobre-el-impacto-del-cambio-climatico-en-el-goce-pleno-y-efectivo-de-los-derechos-humanos-de-las-personas-en-situacion-de-vulnerabilidad\/#article","isPartOf":{"@id":"https:\/\/www.idhc.org\/es\/noticias\/proximo-informe-de-naciones-unidas-sobre-el-impacto-del-cambio-climatico-en-el-goce-pleno-y-efectivo-de-los-derechos-humanos-de-las-personas-en-situacion-de-vulnerabilidad\/"},"author":{"name":"Ferran Sarri\u00f3 (Space Bits)","@id":"https:\/\/www.idhc.org\/es\/#\/schema\/person\/6c5202caf6ff1b4a75920edb3cae5cfa"},"headline":"Pr\u00f3ximo informe de Naciones Unidas sobre el Impacto del cambio clim\u00e1tico en el goce pleno y efectivo de los derechos humanos de las personas en situaci\u00f3n de vulnerabilidad.","datePublished":"2022-05-10T20:00:01+00:00","dateModified":"2024-07-02T08:52:06+00:00","mainEntityOfPage":{"@id":"https:\/\/www.idhc.org\/es\/noticias\/proximo-informe-de-naciones-unidas-sobre-el-impacto-del-cambio-climatico-en-el-goce-pleno-y-efectivo-de-los-derechos-humanos-de-las-personas-en-situacion-de-vulnerabilidad\/"},"wordCount":355,"keywords":["Derecho a la igualdad","Derecho al medioambiente","Cambio clim\u00e1tico","Interseccionalidad","Dret al medi ambient"],"inLanguage":"es"},{"@type":"WebPage","@id":"https:\/\/www.idhc.org\/es\/noticias\/proximo-informe-de-naciones-unidas-sobre-el-impacto-del-cambio-climatico-en-el-goce-pleno-y-efectivo-de-los-derechos-humanos-de-las-personas-en-situacion-de-vulnerabilidad\/","url":"https:\/\/www.idhc.org\/es\/noticias\/proximo-informe-de-naciones-unidas-sobre-el-impacto-del-cambio-climatico-en-el-goce-pleno-y-efectivo-de-los-derechos-humanos-de-las-personas-en-situacion-de-vulnerabilidad\/","name":"Pr\u00f3ximo informe de Naciones Unidas sobre el Impacto del cambio clim\u00e1tico en el goce pleno y efectivo de los derechos humanos de las personas en situaci\u00f3n de vulnerabilidad. - IDHC","isPartOf":{"@id":"https:\/\/www.idhc.org\/es\/#website"},"datePublished":"2022-05-10T20:00:01+00:00","dateModified":"2024-07-02T08:52:06+00:00","author":{"@id":"https:\/\/www.idhc.org\/es\/#\/schema\/person\/6c5202caf6ff1b4a75920edb3cae5cfa"},"breadcrumb":{"@id":"https:\/\/www.idhc.org\/es\/noticias\/proximo-informe-de-naciones-unidas-sobre-el-impacto-del-cambio-climatico-en-el-goce-pleno-y-efectivo-de-los-derechos-humanos-de-las-personas-en-situacion-de-vulnerabilidad\/#breadcrumb"},"inLanguage":"es","potentialAction":[{"@type":"ReadAction","target":["https:\/\/www.idhc.org\/es\/noticias\/proximo-informe-de-naciones-unidas-sobre-el-impacto-del-cambio-climatico-en-el-goce-pleno-y-efectivo-de-los-derechos-humanos-de-las-personas-en-situacion-de-vulnerabilidad\/"]}]},{"@type":"BreadcrumbList","@id":"https:\/\/www.idhc.org\/es\/noticias\/proximo-informe-de-naciones-unidas-sobre-el-impacto-del-cambio-climatico-en-el-goce-pleno-y-efectivo-de-los-derechos-humanos-de-las-personas-en-situacion-de-vulnerabilidad\/#breadcrumb","itemListElement":[{"@type":"ListItem","position":1,"name":"Inici","item":"https:\/\/www.idhc.org\/es\/"},{"@type":"ListItem","position":2,"name":"Pr\u00f3ximo informe de Naciones Unidas sobre el Impacto del cambio clim\u00e1tico en el goce pleno y efectivo de los derechos humanos de las personas en situaci\u00f3n de vulnerabilidad."}]},{"@type":"WebSite","@id":"https:\/\/www.idhc.org\/es\/#website","url":"https:\/\/www.idhc.org\/es\/","name":"Institut de Drets Humans de Catalunya","description":"","alternateName":"IDHC","potentialAction":[{"@type":"SearchAction","target":{"@type":"EntryPoint","urlTemplate":"https:\/\/www.idhc.org\/es\/?s={search_term_string}"},"query-input":{"@type":"PropertyValueSpecification","valueRequired":true,"valueName":"search_term_string"}}],"inLanguage":"es"},{"@type":"Person","@id":"https:\/\/www.idhc.org\/es\/#\/schema\/person\/6c5202caf6ff1b4a75920edb3cae5cfa","name":"Ferran Sarri\u00f3 (Space Bits)","image":{"@type":"ImageObject","inLanguage":"es","@id":"https:\/\/secure.gravatar.com\/avatar\/5969eb47d173b494f2b44e5c82814f24167f2a3ffd4d5772bef40681b2c82188?s=96&d=mm&r=g","url":"https:\/\/secure.gravatar.com\/avatar\/5969eb47d173b494f2b44e5c82814f24167f2a3ffd4d5772bef40681b2c82188?s=96&d=mm&r=g","contentUrl":"https:\/\/secure.gravatar.com\/avatar\/5969eb47d173b494f2b44e5c82814f24167f2a3ffd4d5772bef40681b2c82188?s=96&d=mm&r=g","caption":"Ferran Sarri\u00f3 (Space Bits)"},"sameAs":["https:\/\/www.spacebits.es"]}]}},"_links":{"self":[{"href":"https:\/\/www.idhc.org\/es\/wp-json\/wp\/v2\/posts\/8132","targetHints":{"allow":["GET"]}}],"collection":[{"href":"https:\/\/www.idhc.org\/es\/wp-json\/wp\/v2\/posts"}],"about":[{"href":"https:\/\/www.idhc.org\/es\/wp-json\/wp\/v2\/types\/post"}],"author":[{"embeddable":true,"href":"https:\/\/www.idhc.org\/es\/wp-json\/wp\/v2\/users\/1"}],"replies":[{"embeddable":true,"href":"https:\/\/www.idhc.org\/es\/wp-json\/wp\/v2\/comments?post=8132"}],"version-history":[{"count":1,"href":"https:\/\/www.idhc.org\/es\/wp-json\/wp\/v2\/posts\/8132\/revisions"}],"predecessor-version":[{"id":11514,"href":"https:\/\/www.idhc.org\/es\/wp-json\/wp\/v2\/posts\/8132\/revisions\/11514"}],"wp:attachment":[{"href":"https:\/\/www.idhc.org\/es\/wp-json\/wp\/v2\/media?parent=8132"}],"wp:term":[{"taxonomy":"category","embeddable":true,"href":"https:\/\/www.idhc.org\/es\/wp-json\/wp\/v2\/categories?post=8132"},{"taxonomy":"post_tag","embeddable":true,"href":"https:\/\/www.idhc.org\/es\/wp-json\/wp\/v2\/tags?post=8132"}],"curies":[{"name":"wp","href":"https:\/\/api.w.org\/{rel}","templated":true}]}}